{"id":5817,"date":"2016-10-17T12:33:52","date_gmt":"2016-10-17T10:33:52","guid":{"rendered":"http:\/\/santpedor.net\/radio\/?p=5817"},"modified":"2016-10-24T00:00:34","modified_gmt":"2016-10-23T22:00:34","slug":"castellers-santpedor-estrenen-nou-local","status":"publish","type":"post","link":"https:\/\/santpedor.net\/radio\/castellers-santpedor-estrenen-nou-local\/","title":{"rendered":"Els Castellers de Santpedor estrenen nou local"},"content":{"rendered":"<p>XAVIER SUCARRATS | Dia hist\u00f2ric pels Castellers de Santpedor. En aquest cas, no es tracta ni d\u2019una\u00a0construcci\u00f3 in\u00e8dita ni de pujar un pis m\u00e9s. La colla de la camisa daurada ja disposa d\u2019un nou local on poder assajar. Tres anys i mig despr\u00e9s d\u2019un primer assaig organitzat per fer el conegut \u201cCastell de les penyes\u201d per al preg\u00f3 de Festa Major la colla santpedorenca ha deixat cal Llovet i s\u2019ha traslladat al Born.<\/p>\n<p>Es tracta d\u2019un local c\u00e8ntric i acollidor. M\u00e9s petit que l\u2019anterior per\u00f2 que d\u00f3na m\u00e9s sensaci\u00f3 de colla. Encara queden detalls per polir, com instal\u00b7lar les barres que serveixen per practicar els pilars. Per\u00f2 en l\u00ednies generals les sensacions eren for\u00e7a positives. L\u2019obra m\u00e9s visible dins el nou local \u00e9s el sostre. La part central es va aixecar uns metres per adequar-se a les necessitats dels Castellers de Santpedor.<\/p>\n<p>Amb aquest trasllat, els Castellers de Santpedor no hauran d\u2019estar pendents de l\u2019agenda d\u2019altres entitats per saber on hauran d\u2019assajar. Si b\u00e9 cal Llovet era gaireb\u00e9 el \u201cquarter general\u201d diversos actes d\u2019entitats municipals els obligaven, de tant en tant, a canviar de lloc. Aix\u00f2 ja \u00e9s hist\u00f2ria.<\/p>\n","protected":false},"excerpt":{"rendered":"<p>XAVIER SUCARRATS | Dia hist\u00f2ric pels Castellers de Santpedor. En aquest cas, no es tracta ni d\u2019una\u00a0construcci\u00f3 in\u00e8dita ni de pujar un pis m\u00e9s. La colla de la camisa daurada ja disposa d\u2019un nou local on poder assajar. Tres anys i mig despr\u00e9s d\u2019un primer assaig organitzat per fer el conegut \u201cCastell de les penyes\u201d [&hellip;]<\/p>\n","protected":false},"author":2,"featured_media":5818,"comment_status":"open","ping_status":"open","sticky":false,"template":"","format":"standard","meta":{"footnotes":""},"categories":[236,3],"tags":[153,315,113],"class_list":{"0":"post-5817","1":"post","2":"type-post","3":"status-publish","4":"format-standard","5":"has-post-thumbnail","7":"category-entitats-i-cultura","8":"category-noticies","9":"tag-castellers-de-santpedor","10":"tag-el-born","11":"tag-santpedor"},"_links":{"self":[{"href":"https:\/\/santpedor.net\/radio\/wp-json\/wp\/v2\/posts\/5817","targetHints":{"allow":["GET"]}}],"collection":[{"href":"https:\/\/santpedor.net\/radio\/wp-json\/wp\/v2\/posts"}],"about":[{"href":"https:\/\/santpedor.net\/radio\/wp-json\/wp\/v2\/types\/post"}],"author":[{"embeddable":true,"href":"https:\/\/santpedor.net\/radio\/wp-json\/wp\/v2\/users\/2"}],"replies":[{"embeddable":true,"href":"https:\/\/santpedor.net\/radio\/wp-json\/wp\/v2\/comments?post=5817"}],"version-history":[{"count":0,"href":"https:\/\/santpedor.net\/radio\/wp-json\/wp\/v2\/posts\/5817\/revisions"}],"wp:featuredmedia":[{"embeddable":true,"href":"https:\/\/santpedor.net\/radio\/wp-json\/wp\/v2\/media\/5818"}],"wp:attachment":[{"href":"https:\/\/santpedor.net\/radio\/wp-json\/wp\/v2\/media?parent=5817"}],"wp:term":[{"taxonomy":"category","embeddable":true,"href":"https:\/\/santpedor.net\/radio\/wp-json\/wp\/v2\/categories?post=5817"},{"taxonomy":"post_tag","embeddable":true,"href":"https:\/\/santpedor.net\/radio\/wp-json\/wp\/v2\/tags?post=5817"}],"curies":[{"name":"wp","href":"https:\/\/api.w.org\/{rel}","templated":true}]}}