{"id":5838,"date":"2016-10-18T20:31:58","date_gmt":"2016-10-18T18:31:58","guid":{"rendered":"http:\/\/santpedor.net\/radio\/?p=5838"},"modified":"2016-10-27T19:58:27","modified_gmt":"2016-10-27T17:58:27","slug":"arriben-sopars-bigotis-faldilles-moltes-novetats-mes-festa-que-mai","status":"publish","type":"post","link":"https:\/\/santpedor.net\/radio\/arriben-sopars-bigotis-faldilles-moltes-novetats-mes-festa-que-mai\/","title":{"rendered":"Arriben els sopars de &#8216;Bigotis&#8217; i &#8216;Faldilles&#8217; amb moltes novetats i m\u00e9s festa que mai"},"content":{"rendered":"<p>A l&#8217;ombra de la tardor i les castanyes a Santpedor <strong>est\u00e0 creixent els \u00faltims anys una nova tradici\u00f3 que est\u00e0 agafant molta volada: els sopars de &#8216;Bigotis&#8217; i &#8216;Faldilles&#8217;<\/strong>. Tots els nois del poble a partir de 18 anys estan convocats dilluns 31 d&#8217;octubre, un any m\u00e9s, a fer un sopar conjunt, amb l&#8217;obligatorietat de portar bigoti i camisa com a \u00fanic requisit. Per la seva banda, les noies organitzen el seu propi sopar, a part, amb les faldilles com a protagonistes.<\/p>\n<p>Enguany, <strong>els organitzadors han volgut portar l&#8217;esdeveniment m\u00e9s enll\u00e0 i fer-lo cr\u00e9ixer<\/strong> organitzant <strong>sala de ball i DJ\u00a0a partir de mitjanit<\/strong> a Cal Llovet (on els nois ja hauran sopat despr\u00e9s de la xaranga que els portar\u00e0 all\u00e0 des de la Pla\u00e7a Gran)\u00a0de forma conjunta entre bigotis i\u00a0faldilles. A partir de les 2h, tamb\u00e9 novetat d&#8217;aquest any, <strong>hi haur\u00e0 servei d&#8217;autobusos<\/strong> que portaran a tothom cap a la sala Stroika de Manresa, on est\u00e0 previst que segueixi la festa fins les 6h, en qu\u00e8 de nou hi haur\u00e0 servei de bus de tornada a\u00a0Santpedor.<\/p>\n<p>20\u20ac \u00e9s el preu dels tiquets, que inclouen totes les activitats de la nit (xaranga, sopar, DJ, busos i entrada a Stroika). Els podeu comprar al Bar N\u00faria i a La Granja.<\/p>\n<p>Per con\u00e8ixer de qu\u00e8 van aquests sopars i qu\u00e8 s&#8217;hi fa, <strong>escolta l&#8217;entrevista a Guillem Hern\u00e1ndez i Aina Fern\u00e1ndez<\/strong>, dos dels organitzadors dels sopars, a l&#8217;Informatiu de R\u00e0dio Santpedor d&#8217;aquesta setmana:<\/p>\n<p><iframe loading=\"lazy\" id=\"audio_13371655\" style=\"border: 1px solid #EEE; box-sizing: border-box; width: 100%;\" src=\"http:\/\/www.ivoox.com\/player_ej_13371655_4_1.html?c1=828282\" width=\"300\" height=\"200\" frameborder=\"0\" scrolling=\"no\" allowfullscreen=\"allowfullscreen\"><\/iframe><\/p>\n","protected":false},"excerpt":{"rendered":"<p>A l&#8217;ombra de la tardor i les castanyes a Santpedor est\u00e0 creixent els \u00faltims anys una nova tradici\u00f3 que est\u00e0 agafant molta volada: els sopars de &#8216;Bigotis&#8217; i &#8216;Faldilles&#8217;. Tots els nois del poble a partir de 18 anys estan convocats dilluns 31 d&#8217;octubre, un any m\u00e9s, a fer un sopar conjunt, amb l&#8217;obligatorietat de [&hellip;]<\/p>\n","protected":false},"author":6,"featured_media":5839,"comment_status":"open","ping_status":"open","sticky":false,"template":"","format":"standard","meta":{"footnotes":""},"categories":[3,137],"tags":[15,39,113,554,555,556],"class_list":{"0":"post-5838","1":"post","2":"type-post","3":"status-publish","4":"format-standard","5":"has-post-thumbnail","7":"category-noticies","8":"category-societat","9":"tag-cal-llovet","10":"tag-radio-santpedor","11":"tag-santpedor","12":"tag-sopar-de-bigotis","13":"tag-sopar-de-faldilles","14":"tag-stroika"},"_links":{"self":[{"href":"https:\/\/santpedor.net\/radio\/wp-json\/wp\/v2\/posts\/5838","targetHints":{"allow":["GET"]}}],"collection":[{"href":"https:\/\/santpedor.net\/radio\/wp-json\/wp\/v2\/posts"}],"about":[{"href":"https:\/\/santpedor.net\/radio\/wp-json\/wp\/v2\/types\/post"}],"author":[{"embeddable":true,"href":"https:\/\/santpedor.net\/radio\/wp-json\/wp\/v2\/users\/6"}],"replies":[{"embeddable":true,"href":"https:\/\/santpedor.net\/radio\/wp-json\/wp\/v2\/comments?post=5838"}],"version-history":[{"count":0,"href":"https:\/\/santpedor.net\/radio\/wp-json\/wp\/v2\/posts\/5838\/revisions"}],"wp:featuredmedia":[{"embeddable":true,"href":"https:\/\/santpedor.net\/radio\/wp-json\/wp\/v2\/media\/5839"}],"wp:attachment":[{"href":"https:\/\/santpedor.net\/radio\/wp-json\/wp\/v2\/media?parent=5838"}],"wp:term":[{"taxonomy":"category","embeddable":true,"href":"https:\/\/santpedor.net\/radio\/wp-json\/wp\/v2\/categories?post=5838"},{"taxonomy":"post_tag","embeddable":true,"href":"https:\/\/santpedor.net\/radio\/wp-json\/wp\/v2\/tags?post=5838"}],"curies":[{"name":"wp","href":"https:\/\/api.w.org\/{rel}","templated":true}]}}