{"id":9026,"date":"2016-10-27T12:54:04","date_gmt":"2016-10-27T10:54:04","guid":{"rendered":"http:\/\/santpedor.net\/radio\/?p=9026"},"modified":"2016-10-27T19:57:58","modified_gmt":"2016-10-27T17:57:58","slug":"alumnes-linstitut-dauro-diuen-massivament-no-lomce-pp","status":"publish","type":"post","link":"https:\/\/santpedor.net\/radio\/alumnes-linstitut-dauro-diuen-massivament-no-lomce-pp\/","title":{"rendered":"Els alumnes de l&#8217;institut d&#8217;Auro diuen massivament &#8220;NO&#8221; a la LOMCE del PP"},"content":{"rendered":"<p><strong>L&#8217;institut d&#8217;Auro era ahir un desert.<\/strong> Almenys pel qu\u00e8 fa a les aules dels cursos entre 3er d&#8217;ESO i 2on de Batxillerat. Fins a <strong>un 98% d&#8217;alumnes d&#8217;aquests cursos van fer vaga<\/strong> per protestar contra la LOMCE, la llei educativa impulsada pel Partit Popular. Aix\u00f2, tot i que els alumnes de 3er i 4rt necessitaven autoritzaci\u00f3 paterna per fer vaga, i els de Batxillerat havien d&#8217;avisar pr\u00e8viament al centre. Al final, nom\u00e9s cinc alumnes van anar a l&#8217;institut, on, aix\u00f2 s\u00ed, van poder fer classe perqu\u00e8 cap professor va participar de la vaga. La resta, es van quedar a casa o b\u00e9 van assistir a la manifestaci\u00f3 que va aplegar prop de 8.000 estudiants a Barcelona, en protesta per les retallades en educaci\u00f3 i la LOMCE.<\/p>\n<p>La &#8216;Ley Org\u00e1nica para la Mejora de la Calidad Educativa&#8217; m\u00e9s coneguda com a &#8216;Llei Wert&#8217; (en refer\u00e8ncia a l&#8217;ex-ministre d&#8217;educaci\u00f3 que la va idear), \u00e9s en el punt de mira des que va ser aprovada per l&#8217;executiu de Mariano Rajoy a finals del 2013. <strong>Els punts m\u00e9s pol\u00e8mics s\u00f3n les retallades en educaci\u00f3 p\u00fablica i les rev\u00e0lides<\/strong> que s&#8217;estipula que tots els estudiants han de fer en acabar l&#8217;ESO i tamb\u00e9 en acabar el Batxillerat. Unes rev\u00e0lides que seria necessari aprovar per poder promocionar al curs seg\u00fcent, independentment de les notes i aptituds demostrades al llarg de tot el curs. A les comunitats aut\u00f2nomes amb llengua pr\u00f2pia, com \u00e9s el cas de Catalunya, <strong>la llei tamb\u00e9 ha generat molta oposici\u00f3 perqu\u00e8 deixa de considerar mat\u00e8ries &#8216;troncals&#8217; el catal\u00e0, el gallec, i l&#8217;euskera; que passen a ser &#8216;mat\u00e8ries d&#8217;especialitzaci\u00f3 opcional&#8217;.<\/strong><\/p>\n<p>Amb tot, <strong>Rajoy ha anunciat avui que les rev\u00e0lides encara no tindran valor acad\u00e8mic<\/strong> (tot i que ja es faran) aquest curs, a l&#8217;espera d&#8217;un pacte m\u00e9s ampli per l&#8217;educaci\u00f3 amb altres partits pol\u00edtics.<\/p>\n","protected":false},"excerpt":{"rendered":"<p>L&#8217;institut d&#8217;Auro era ahir un desert. Almenys pel qu\u00e8 fa a les aules dels cursos entre 3er d&#8217;ESO i 2on de Batxillerat. Fins a un 98% d&#8217;alumnes d&#8217;aquests cursos van fer vaga per protestar contra la LOMCE, la llei educativa impulsada pel Partit Popular. Aix\u00f2, tot i que els alumnes de 3er i 4rt necessitaven [&hellip;]<\/p>\n","protected":false},"author":6,"featured_media":9037,"comment_status":"open","ping_status":"closed","sticky":false,"template":"","format":"standard","meta":{"footnotes":""},"categories":[3,136],"tags":[184,579,578,581,580,113],"class_list":{"0":"post-9026","1":"post","2":"type-post","3":"status-publish","4":"format-standard","5":"has-post-thumbnail","7":"category-noticies","8":"category-politica-i-economia","9":"tag-catalunya","10":"tag-llei-wert","11":"tag-lomce","12":"tag-rajoy","13":"tag-revalides","14":"tag-santpedor"},"_links":{"self":[{"href":"https:\/\/santpedor.net\/radio\/wp-json\/wp\/v2\/posts\/9026","targetHints":{"allow":["GET"]}}],"collection":[{"href":"https:\/\/santpedor.net\/radio\/wp-json\/wp\/v2\/posts"}],"about":[{"href":"https:\/\/santpedor.net\/radio\/wp-json\/wp\/v2\/types\/post"}],"author":[{"embeddable":true,"href":"https:\/\/santpedor.net\/radio\/wp-json\/wp\/v2\/users\/6"}],"replies":[{"embeddable":true,"href":"https:\/\/santpedor.net\/radio\/wp-json\/wp\/v2\/comments?post=9026"}],"version-history":[{"count":0,"href":"https:\/\/santpedor.net\/radio\/wp-json\/wp\/v2\/posts\/9026\/revisions"}],"wp:featuredmedia":[{"embeddable":true,"href":"https:\/\/santpedor.net\/radio\/wp-json\/wp\/v2\/media\/9037"}],"wp:attachment":[{"href":"https:\/\/santpedor.net\/radio\/wp-json\/wp\/v2\/media?parent=9026"}],"wp:term":[{"taxonomy":"category","embeddable":true,"href":"https:\/\/santpedor.net\/radio\/wp-json\/wp\/v2\/categories?post=9026"},{"taxonomy":"post_tag","embeddable":true,"href":"https:\/\/santpedor.net\/radio\/wp-json\/wp\/v2\/tags?post=9026"}],"curies":[{"name":"wp","href":"https:\/\/api.w.org\/{rel}","templated":true}]}}