{"id":9030,"date":"2016-10-27T12:07:50","date_gmt":"2016-10-27T10:07:50","guid":{"rendered":"http:\/\/santpedor.net\/radio\/?p=9030"},"modified":"2016-10-27T19:57:58","modified_gmt":"2016-10-27T17:57:58","slug":"santpedor-collaborara-tasques-restauracio-dels-runams-miners","status":"publish","type":"post","link":"https:\/\/santpedor.net\/radio\/santpedor-collaborara-tasques-restauracio-dels-runams-miners\/","title":{"rendered":"Santpedor col\u00b7laborar\u00e0 amb les tasques de restauraci\u00f3 dels runams miners"},"content":{"rendered":"<p>El Pla Director Urban\u00edstic de la minera al Bages, aprovat ahir de forma inicial, obligar\u00e0 Santpedor a deixar fer les actuacions necess\u00e0ries per a la restauraci\u00f3 dels runams salins. Aquesta normativa gen\u00e8rica fixada pel PDU inclou tamb\u00e9 els municipis de Manresa, Sant Joan de Vilatorrada i Talamanca, a m\u00e9s dels municipis directament afectats per la mineria com s\u00f3n Sallent, Balsareny, Call\u00fas i S\u00faria. Aix\u00ed, aquests pobles han de permetre, tant pel per\u00edode transitori entre 2017 i 2020, en qu\u00e8 l&#8217;activitat minera de Sallent es traslladar\u00e0 a S\u00faria, com per la restauraci\u00f3 posterior dels runams salins, la recollida de les surg\u00e8ncies salinitzades, i el trasllat d&#8217;aigua entre les depuradores de Sallent o Manresa. Unes actuacions que implicaran la instal\u00b7laci\u00f3 de tubs i conductes, tal i com ha explicat la Rosa Olivella, Repsonsable de S\u00f2ls de la Generalitat de Catalunya.<\/p>\n<audio class=\"wp-audio-shortcode\" id=\"audio-9030-1\" preload=\"none\" style=\"width: 100%;\" controls=\"controls\"><source type=\"audio\/mpeg\" src=\"http:\/\/santpedor.net\/radio\/wp-content\/uploads\/2016\/10\/\u00c0UDIO-Rosa-Vilella-PDU-Santpedor.mp3?_=1\" \/><a href=\"http:\/\/santpedor.net\/radio\/wp-content\/uploads\/2016\/10\/\u00c0UDIO-Rosa-Vilella-PDU-Santpedor.mp3\">http:\/\/santpedor.net\/radio\/wp-content\/uploads\/2016\/10\/\u00c0UDIO-Rosa-Vilella-PDU-Santpedor.mp3<\/a><\/audio>\n<p>Aquestes actuacions s&#8217;emmarquen dins un PDU que pret\u00e9n regular l&#8217;activitat minera al Bages, tot vetllant pel Medi Ambient i l&#8217;economia. Abans no s&#8217;aprovi definitivament, per\u00f2, hi ha 45 dies d&#8217;exposici\u00f3 p\u00fablica del document en qu\u00e8 qui vulgui pot fer al\u00b7legacions o sugger\u00e8ncies.<\/p>\n","protected":false},"excerpt":{"rendered":"<p>El Pla Director Urban\u00edstic de la minera al Bages, aprovat ahir de forma inicial, obligar\u00e0 Santpedor a deixar fer les actuacions necess\u00e0ries per a la restauraci\u00f3 dels runams salins. Aquesta normativa gen\u00e8rica fixada pel PDU inclou tamb\u00e9 els municipis de Manresa, Sant Joan de Vilatorrada i Talamanca, a m\u00e9s dels municipis directament afectats per la [&hellip;]<\/p>\n","protected":false},"author":6,"featured_media":9031,"comment_status":"open","ping_status":"closed","sticky":false,"template":"","format":"standard","meta":{"footnotes":""},"categories":[3,137],"tags":[366,577,576,575,27,113],"class_list":{"0":"post-9030","1":"post","2":"type-post","3":"status-publish","4":"format-standard","5":"has-post-thumbnail","7":"category-noticies","8":"category-societat","9":"tag-cogullo","10":"tag-mineria","11":"tag-pdu","12":"tag-pla-director-urbanistic","13":"tag-sallent","14":"tag-santpedor"},"_links":{"self":[{"href":"https:\/\/santpedor.net\/radio\/wp-json\/wp\/v2\/posts\/9030","targetHints":{"allow":["GET"]}}],"collection":[{"href":"https:\/\/santpedor.net\/radio\/wp-json\/wp\/v2\/posts"}],"about":[{"href":"https:\/\/santpedor.net\/radio\/wp-json\/wp\/v2\/types\/post"}],"author":[{"embeddable":true,"href":"https:\/\/santpedor.net\/radio\/wp-json\/wp\/v2\/users\/6"}],"replies":[{"embeddable":true,"href":"https:\/\/santpedor.net\/radio\/wp-json\/wp\/v2\/comments?post=9030"}],"version-history":[{"count":0,"href":"https:\/\/santpedor.net\/radio\/wp-json\/wp\/v2\/posts\/9030\/revisions"}],"wp:featuredmedia":[{"embeddable":true,"href":"https:\/\/santpedor.net\/radio\/wp-json\/wp\/v2\/media\/9031"}],"wp:attachment":[{"href":"https:\/\/santpedor.net\/radio\/wp-json\/wp\/v2\/media?parent=9030"}],"wp:term":[{"taxonomy":"category","embeddable":true,"href":"https:\/\/santpedor.net\/radio\/wp-json\/wp\/v2\/categories?post=9030"},{"taxonomy":"post_tag","embeddable":true,"href":"https:\/\/santpedor.net\/radio\/wp-json\/wp\/v2\/tags?post=9030"}],"curies":[{"name":"wp","href":"https:\/\/api.w.org\/{rel}","templated":true}]}}