{"id":9065,"date":"2016-10-29T00:58:10","date_gmt":"2016-10-28T22:58:10","guid":{"rendered":"http:\/\/santpedor.net\/radio\/?p=9065"},"modified":"2016-10-29T14:13:22","modified_gmt":"2016-10-29T12:13:22","slug":"arriba-4g-santpedor","status":"publish","type":"post","link":"https:\/\/santpedor.net\/radio\/arriba-4g-santpedor\/","title":{"rendered":"Arriba el 4g a Santpedor"},"content":{"rendered":"<p>Els problemes de cobertura m\u00f2bil a Santpedor podrien tenir soluci\u00f3 ben aviat. El Ministeri d&#8217;Industria, Energia i Turisme va iniciar la construcci\u00f3 d&#8217;instal\u00b7lacions per estendre la cobertura 4g a tot l&#8217;estat al 2013 i ara li ha arribat el torn a Santpedor i rodalies. Aix\u00ed, la instal\u00b7laci\u00f3\u00a0que s&#8217;est\u00e0 fent d&#8217;una antena a la vora de Santpedor (per\u00f2 fora del terme municipal) portar\u00e0 ben aviat aquesta tecnologia al poble.<\/p>\n<p>El 4g \u00e9s l&#8217;evoluci\u00f3 del 3g, i permet arribar a velocitats de 150MB de baixada i 75MB de pujada en dispositius m\u00f2bils (que a la pr\u00e0ctica poden ser fins i tot m\u00e9s), amb lat\u00e8ncies de 50ms. A m\u00e9s, ha de permetre millorar la cobertura m\u00f2bil de pobles i indrets recondits on fins ara hi havia molt mala senyal de telefonia. Aquest \u00e9s el cas per exemple de Santpedor, que arrossega des de fa anys greus problemes de connectivitat m\u00f2bil, sobretot a la zona del casc antic.<\/p>\n<p>Amb tot, les emissions de telefonia m\u00f2bil 4g es produeixen a a la banda adjacent de la TDT, per la qual cosa \u00e9s possible que sorgeixen problemes de receptivitat a les televisions d&#8217;alguns domicilis. Tot i aix\u00ed, el Ministeri disposa de l&#8217;Oficina d&#8217;Atenci\u00f3 a l&#8217;Usuari de Telecomunicacions, on es pot trucar en cas d&#8217;interfer\u00e8ncies a la TDT per a qu\u00e8 solucionin el problema de forma gratu\u00efta. Les vies de contacte s\u00f3n els tel\u00e8fons 901336699 i 968010362, a m\u00e9s del portal web www.usuarioteleco.es .<\/p>\n<p><a href=\"http:\/\/santpedor.cat\/pl1\/actualitat\/noticies\/id503\/desplegament-4g-i-convivencia-amb-tdt.htm\">Fullet\u00f3 informatiu del Ministeri d&#8217;Industria, Energia i Turisme.<\/a><\/p>\n","protected":false},"excerpt":{"rendered":"<p>Els problemes de cobertura m\u00f2bil a Santpedor podrien tenir soluci\u00f3 ben aviat. El Ministeri d&#8217;Industria, Energia i Turisme va iniciar la construcci\u00f3 d&#8217;instal\u00b7lacions per estendre la cobertura 4g a tot l&#8217;estat al 2013 i ara li ha arribat el torn a Santpedor i rodalies. Aix\u00ed, la instal\u00b7laci\u00f3\u00a0que s&#8217;est\u00e0 fent d&#8217;una antena a la vora de [&hellip;]<\/p>\n","protected":false},"author":6,"featured_media":9072,"comment_status":"open","ping_status":"closed","sticky":false,"template":"","format":"standard","meta":{"footnotes":""},"categories":[3,137],"tags":[582,585,113,584,583],"class_list":{"0":"post-9065","1":"post","2":"type-post","3":"status-publish","4":"format-standard","5":"has-post-thumbnail","7":"category-noticies","8":"category-societat","9":"tag-4g","10":"tag-ministeri-dindustria","11":"tag-santpedor","12":"tag-tdt","13":"tag-telefonia"},"_links":{"self":[{"href":"https:\/\/santpedor.net\/radio\/wp-json\/wp\/v2\/posts\/9065","targetHints":{"allow":["GET"]}}],"collection":[{"href":"https:\/\/santpedor.net\/radio\/wp-json\/wp\/v2\/posts"}],"about":[{"href":"https:\/\/santpedor.net\/radio\/wp-json\/wp\/v2\/types\/post"}],"author":[{"embeddable":true,"href":"https:\/\/santpedor.net\/radio\/wp-json\/wp\/v2\/users\/6"}],"replies":[{"embeddable":true,"href":"https:\/\/santpedor.net\/radio\/wp-json\/wp\/v2\/comments?post=9065"}],"version-history":[{"count":0,"href":"https:\/\/santpedor.net\/radio\/wp-json\/wp\/v2\/posts\/9065\/revisions"}],"wp:featuredmedia":[{"embeddable":true,"href":"https:\/\/santpedor.net\/radio\/wp-json\/wp\/v2\/media\/9072"}],"wp:attachment":[{"href":"https:\/\/santpedor.net\/radio\/wp-json\/wp\/v2\/media?parent=9065"}],"wp:term":[{"taxonomy":"category","embeddable":true,"href":"https:\/\/santpedor.net\/radio\/wp-json\/wp\/v2\/categories?post=9065"},{"taxonomy":"post_tag","embeddable":true,"href":"https:\/\/santpedor.net\/radio\/wp-json\/wp\/v2\/tags?post=9065"}],"curies":[{"name":"wp","href":"https:\/\/api.w.org\/{rel}","templated":true}]}}