{"id":9109,"date":"2016-11-01T23:15:59","date_gmt":"2016-11-01T22:15:59","guid":{"rendered":"http:\/\/santpedor.net\/radio\/?p=9109"},"modified":"2016-11-03T16:14:55","modified_gmt":"2016-11-03T15:14:55","slug":"nit-tots-sants-nit-bigotis-faldilles","status":"publish","type":"post","link":"https:\/\/santpedor.net\/radio\/nit-tots-sants-nit-bigotis-faldilles\/","title":{"rendered":"La nit de Tots Sants \u00e9s nit de bigotis i faldilles"},"content":{"rendered":"<p>La 7ena d&#8217;edici\u00f3 dels sopars de bigotis i faldilles va superar totes les expectatives amb m\u00e9s de 200 persones assistents. En concret, 78 noies enfaldillades van deixar petit el restaurant Els Solers i 130 nois encamisats i amb bigotis de tots els estils possibles van fer el seu \u00e0pat a Cal Llovet. Abans del sopar, per\u00f2, van ballar plegats pels carrers del poble tot seguint la Xaranga M\u00e0gic des la Pla\u00e7a Gran fins a Cal Llovet, on es van dividir per anar a sopar.<\/p>\n<p>Acabat el sopar, nois i noies es van aplegar de nou a Cal Llovet on van ballar fins les dues de la matinada a ritme d&#8217;uns quants bigotuts que s&#8217;anaven alternant com a DJ&#8217;s.<\/p>\n<p>Fins a tres autobusos s&#8217;havien contractat per recollir tot el personal i portar-los a la sala Stroika de Manresa, on la festa es va allargar fins les sis de la matinada, en qu\u00e8 els busos van tornar els qui encara quedaven en peu cap a Santpedor.<\/p>\n<p>La nit va batre r\u00e8cords d&#8217;assist\u00e8ncia tant pel qu\u00e8 fa al sopar de bigotis com el de faldilles. Tant \u00e9s aix\u00ed que els organitzadors ja pensen en seguir ampliant la proposta i arribant a m\u00e9s gent de cara a l&#8217;any vinent.<\/p>\n","protected":false},"excerpt":{"rendered":"<p>La 7ena d&#8217;edici\u00f3 dels sopars de bigotis i faldilles va superar totes les expectatives amb m\u00e9s de 200 persones assistents. En concret, 78 noies enfaldillades van deixar petit el restaurant Els Solers i 130 nois encamisats i amb bigotis de tots els estils possibles van fer el seu \u00e0pat a Cal Llovet. Abans del sopar, [&hellip;]<\/p>\n","protected":false},"author":6,"featured_media":9112,"comment_status":"open","ping_status":"closed","sticky":false,"template":"","format":"standard","meta":{"footnotes":""},"categories":[3,137],"tags":[591,15,592,113,554,555,556],"class_list":{"0":"post-9109","1":"post","2":"type-post","3":"status-publish","4":"format-standard","5":"has-post-thumbnail","7":"category-noticies","8":"category-societat","9":"tag-bigotis","10":"tag-cal-llovet","11":"tag-faldilles","12":"tag-santpedor","13":"tag-sopar-de-bigotis","14":"tag-sopar-de-faldilles","15":"tag-stroika"},"_links":{"self":[{"href":"https:\/\/santpedor.net\/radio\/wp-json\/wp\/v2\/posts\/9109","targetHints":{"allow":["GET"]}}],"collection":[{"href":"https:\/\/santpedor.net\/radio\/wp-json\/wp\/v2\/posts"}],"about":[{"href":"https:\/\/santpedor.net\/radio\/wp-json\/wp\/v2\/types\/post"}],"author":[{"embeddable":true,"href":"https:\/\/santpedor.net\/radio\/wp-json\/wp\/v2\/users\/6"}],"replies":[{"embeddable":true,"href":"https:\/\/santpedor.net\/radio\/wp-json\/wp\/v2\/comments?post=9109"}],"version-history":[{"count":0,"href":"https:\/\/santpedor.net\/radio\/wp-json\/wp\/v2\/posts\/9109\/revisions"}],"wp:featuredmedia":[{"embeddable":true,"href":"https:\/\/santpedor.net\/radio\/wp-json\/wp\/v2\/media\/9112"}],"wp:attachment":[{"href":"https:\/\/santpedor.net\/radio\/wp-json\/wp\/v2\/media?parent=9109"}],"wp:term":[{"taxonomy":"category","embeddable":true,"href":"https:\/\/santpedor.net\/radio\/wp-json\/wp\/v2\/categories?post=9109"},{"taxonomy":"post_tag","embeddable":true,"href":"https:\/\/santpedor.net\/radio\/wp-json\/wp\/v2\/tags?post=9109"}],"curies":[{"name":"wp","href":"https:\/\/api.w.org\/{rel}","templated":true}]}}