{"id":9124,"date":"2016-11-04T22:09:01","date_gmt":"2016-11-04T21:09:01","guid":{"rendered":"http:\/\/santpedor.net\/radio\/?p=9124"},"modified":"2016-11-04T22:09:01","modified_gmt":"2016-11-04T21:09:01","slug":"santpedor-costat-montse-venturos","status":"publish","type":"post","link":"https:\/\/santpedor.net\/radio\/santpedor-costat-montse-venturos\/","title":{"rendered":"Santpedor fa costat a Montse Ventur\u00f3s"},"content":{"rendered":"<p>Santpedor d\u00f3na suport a Montse Ventur\u00f3s. Aix\u00ed ho ha volgut deixar pal\u00e8s l\u2019equip de govern de Santpedor, encap\u00e7alat per l\u2019alcalde Xavier Codina, que ha fet p\u00fablic el seu ple suport a l&#8217;alcaldessa de Berga per la CUP, detinguda avui a casa seva pels Mossos d&#8217;Esquadra cap a dos quarts de vuit del mat\u00ed per desacatament a la just\u00edcia:<\/p>\n<audio class=\"wp-audio-shortcode\" id=\"audio-9124-1\" preload=\"none\" style=\"width: 100%;\" controls=\"controls\"><source type=\"audio\/mpeg\" src=\"http:\/\/santpedor.net\/radio\/wp-content\/uploads\/2016\/11\/TALL-XCodina-suport-Ventur\u00f3s.mp3?_=1\" \/><a href=\"http:\/\/santpedor.net\/radio\/wp-content\/uploads\/2016\/11\/TALL-XCodina-suport-Ventur\u00f3s.mp3\">http:\/\/santpedor.net\/radio\/wp-content\/uploads\/2016\/11\/TALL-XCodina-suport-Ventur\u00f3s.mp3<\/a><\/audio>\n<p>La detenci\u00f3 era per a Montse Ventur\u00f3s una possibilitat que ella mateixa contemplava, despr\u00e9s de negar-se a declarar en dues ocasions davant la just\u00edcia,\u00a0 el 5 d&#8217;abril i el 17 d&#8217;octubre, que la requeria despr\u00e9s de ser denunciada per posar l&#8217;estelada a l&#8217;ajuntament el dia de les eleccions generals. De fet, la CUP ja havia demanat al Govern que no compl\u00eds exig\u00e8ncies judicials que obligu\u00e9ssin Ventur\u00f3s a declarar.<\/p>\n<p>El jutge ha deixat Ventur\u00f3s en llibertat a la tarda despr\u00e9s que la batlle declar\u00e9s al jutjat. El magistrat, per\u00f2, l&#8217;obliga ara a fixar un domicili i un tel\u00e8fon de contacte i adverteix que si torna a desobeir una nova citaci\u00f3, se&#8217;n podria ordenar de nou la detenci\u00f3 per garantir que es presenti.<\/p>\n<p>Amb tot, no es descarten noves detencions, at\u00e8s que hi ha m\u00e9s de 400 judicis oberts a tot el pa\u00eds contra c\u00e0rrec p\u00fablics relacionades amb el proc\u00e9s sobiranista. Molts d\u2019ells, a m\u00e9s, amb l\u2019estelada a l\u2019ajuntament com a denominador com\u00fa.<\/p>\n","protected":false},"excerpt":{"rendered":"<p>Santpedor d\u00f3na suport a Montse Ventur\u00f3s. Aix\u00ed ho ha volgut deixar pal\u00e8s l\u2019equip de govern de Santpedor, encap\u00e7alat per l\u2019alcalde Xavier Codina, que ha fet p\u00fablic el seu ple suport a l&#8217;alcaldessa de Berga per la CUP, detinguda avui a casa seva pels Mossos d&#8217;Esquadra cap a dos quarts de vuit del mat\u00ed per desacatament [&hellip;]<\/p>\n","protected":false},"author":6,"featured_media":9126,"comment_status":"open","ping_status":"closed","sticky":false,"template":"","format":"standard","meta":{"footnotes":""},"categories":[3,136],"tags":[117,102,594,595,113,20],"class_list":{"0":"post-9124","1":"post","2":"type-post","3":"status-publish","4":"format-standard","5":"has-post-thumbnail","7":"category-noticies","8":"category-politica-i-economia","9":"tag-berga","10":"tag-cup","11":"tag-montse-venturos","12":"tag-mossos-desquadra","13":"tag-santpedor","14":"tag-xavier-codina"},"_links":{"self":[{"href":"https:\/\/santpedor.net\/radio\/wp-json\/wp\/v2\/posts\/9124","targetHints":{"allow":["GET"]}}],"collection":[{"href":"https:\/\/santpedor.net\/radio\/wp-json\/wp\/v2\/posts"}],"about":[{"href":"https:\/\/santpedor.net\/radio\/wp-json\/wp\/v2\/types\/post"}],"author":[{"embeddable":true,"href":"https:\/\/santpedor.net\/radio\/wp-json\/wp\/v2\/users\/6"}],"replies":[{"embeddable":true,"href":"https:\/\/santpedor.net\/radio\/wp-json\/wp\/v2\/comments?post=9124"}],"version-history":[{"count":0,"href":"https:\/\/santpedor.net\/radio\/wp-json\/wp\/v2\/posts\/9124\/revisions"}],"wp:featuredmedia":[{"embeddable":true,"href":"https:\/\/santpedor.net\/radio\/wp-json\/wp\/v2\/media\/9126"}],"wp:attachment":[{"href":"https:\/\/santpedor.net\/radio\/wp-json\/wp\/v2\/media?parent=9124"}],"wp:term":[{"taxonomy":"category","embeddable":true,"href":"https:\/\/santpedor.net\/radio\/wp-json\/wp\/v2\/categories?post=9124"},{"taxonomy":"post_tag","embeddable":true,"href":"https:\/\/santpedor.net\/radio\/wp-json\/wp\/v2\/tags?post=9124"}],"curies":[{"name":"wp","href":"https:\/\/api.w.org\/{rel}","templated":true}]}}