{"id":9128,"date":"2016-11-04T22:52:19","date_gmt":"2016-11-04T21:52:19","guid":{"rendered":"http:\/\/santpedor.net\/radio\/?p=9128"},"modified":"2016-11-04T22:52:19","modified_gmt":"2016-11-04T21:52:19","slug":"picarols-santpedor-preparen-grossa-dema-celebrar-5e-aniversari","status":"publish","type":"post","link":"https:\/\/santpedor.net\/radio\/picarols-santpedor-preparen-grossa-dema-celebrar-5e-aniversari\/","title":{"rendered":"Els Picarols de Santpedor en preparen una de grossa dem\u00e0 per celebrar el seu 5\u00e8 aniversari"},"content":{"rendered":"<p>Els Picarols de Santpedor, la colla bastonera del poble, organitzen dem\u00e0 una trobada bastonera a Santpedor per celebrar el seu 5\u00e8 aniversari, i han preparat activitats obertes a tot el poble al llarg de tot el dia. A m\u00e9s, aniran ben acompanyats per Els Manrussia Van del Pal, de Manresa, els Cabelluts de Sant Feliu de Llobregat, els Bastoners de Terrassa, els Bastoners de Gav\u00e0 i els Estelladors de Prats de Llu\u00e7an\u00e8s.<\/p>\n<p>Bernat Ferrer, bastoner de la colla, explica la previsi\u00f3 de la jornada:<\/p>\n<audio class=\"wp-audio-shortcode\" id=\"audio-9128-1\" preload=\"none\" style=\"width: 100%;\" controls=\"controls\"><source type=\"audio\/mpeg\" src=\"http:\/\/santpedor.net\/radio\/wp-content\/uploads\/2016\/11\/TALL-Bernat-Ferrer-Picarols.mp3?_=1\" \/><a href=\"http:\/\/santpedor.net\/radio\/wp-content\/uploads\/2016\/11\/TALL-Bernat-Ferrer-Picarols.mp3\">http:\/\/santpedor.net\/radio\/wp-content\/uploads\/2016\/11\/TALL-Bernat-Ferrer-Picarols.mp3<\/a><\/audio>\n<p>&nbsp;<\/p>\n<p>La colla bastonera els Picarols de Santpedor va n\u00e9ixer al 2011 a iniciativa d&#8217;un grup de joves del poble. Aquell mateix any s&#8217;estrenaven a caramelles del del poble. A dia d&#8217;avui, la colla est\u00e0 formada per 12 balladors d&#8217;entre 15 i 35 anys, que assagen els dimarts de 21.30h a 22.30h al local del Born.<\/p>\n<figure id=\"attachment_9131\" aria-describedby=\"caption-attachment-9131\" style=\"width: 375px\" class=\"wp-caption aligncenter\"><img loading=\"lazy\" decoding=\"async\" class=\" wp-image-9131\" src=\"http:\/\/santpedor.net\/radio\/wp-content\/uploads\/2016\/11\/5\u00e8-aniversari-picarols-212x300.jpg\" alt=\"Programa jornada del 5\u00e8 aniversari dels Picarols de Santpedor\" width=\"375\" height=\"431\" \/><figcaption id=\"caption-attachment-9131\" class=\"wp-caption-text\">Programa jornada del 5\u00e8 aniversari dels Picarols de Santpedor<\/figcaption><\/figure>\n<p>&nbsp;<\/p>\n","protected":false},"excerpt":{"rendered":"<p>Els Picarols de Santpedor, la colla bastonera del poble, organitzen dem\u00e0 una trobada bastonera a Santpedor per celebrar el seu 5\u00e8 aniversari, i han preparat activitats obertes a tot el poble al llarg de tot el dia. A m\u00e9s, aniran ben acompanyats per Els Manrussia Van del Pal, de Manresa, els Cabelluts de Sant Feliu [&hellip;]<\/p>\n","protected":false},"author":6,"featured_media":9129,"comment_status":"open","ping_status":"closed","sticky":false,"template":"","format":"standard","meta":{"footnotes":""},"categories":[236,3],"tags":[494,596,113],"class_list":{"0":"post-9128","1":"post","2":"type-post","3":"status-publish","4":"format-standard","5":"has-post-thumbnail","7":"category-entitats-i-cultura","8":"category-noticies","9":"tag-bastoners","10":"tag-picarols-de-santpedor","11":"tag-santpedor"},"_links":{"self":[{"href":"https:\/\/santpedor.net\/radio\/wp-json\/wp\/v2\/posts\/9128","targetHints":{"allow":["GET"]}}],"collection":[{"href":"https:\/\/santpedor.net\/radio\/wp-json\/wp\/v2\/posts"}],"about":[{"href":"https:\/\/santpedor.net\/radio\/wp-json\/wp\/v2\/types\/post"}],"author":[{"embeddable":true,"href":"https:\/\/santpedor.net\/radio\/wp-json\/wp\/v2\/users\/6"}],"replies":[{"embeddable":true,"href":"https:\/\/santpedor.net\/radio\/wp-json\/wp\/v2\/comments?post=9128"}],"version-history":[{"count":0,"href":"https:\/\/santpedor.net\/radio\/wp-json\/wp\/v2\/posts\/9128\/revisions"}],"wp:featuredmedia":[{"embeddable":true,"href":"https:\/\/santpedor.net\/radio\/wp-json\/wp\/v2\/media\/9129"}],"wp:attachment":[{"href":"https:\/\/santpedor.net\/radio\/wp-json\/wp\/v2\/media?parent=9128"}],"wp:term":[{"taxonomy":"category","embeddable":true,"href":"https:\/\/santpedor.net\/radio\/wp-json\/wp\/v2\/categories?post=9128"},{"taxonomy":"post_tag","embeddable":true,"href":"https:\/\/santpedor.net\/radio\/wp-json\/wp\/v2\/tags?post=9128"}],"curies":[{"name":"wp","href":"https:\/\/api.w.org\/{rel}","templated":true}]}}