{"id":9159,"date":"2016-11-10T13:19:08","date_gmt":"2016-11-10T12:19:08","guid":{"rendered":"http:\/\/santpedor.net\/radio\/?p=9159"},"modified":"2016-11-10T13:19:08","modified_gmt":"2016-11-10T12:19:08","slug":"santpedor-acollira-primera-assemblea-catalunya-central","status":"publish","type":"post","link":"https:\/\/santpedor.net\/radio\/santpedor-acollira-primera-assemblea-catalunya-central\/","title":{"rendered":"Santpedor acollir\u00e0 la primera assemblea de Podem a la Catalunya Central"},"content":{"rendered":"<p>La Capella de Sant Andreu, a la Pla\u00e7a Gran de Santpedor, ser\u00e0 dem\u00e0\u00a0escenari de la primera assemblea de Podem a la Catalunya Central, on assistiran els inscrits i membres dels cercles de\u00a0l&#8217;Anoia, el Bages, el Bergued\u00e0 i Osona. La reuni\u00f3, on es debatr\u00e0 sobre la relaci\u00f3 amb el Consell Ciutad\u00e0 Catal\u00e0, l&#8217;estructura territorial de la formaci\u00f3 lila i les possibles conflu\u00e8ncies amb altres forces pol\u00edtiques, comen\u00e7ar\u00e0 a les 18h i est\u00e0 previst que s&#8217;allargui fins les 20h.<\/p>\n<p>&nbsp;<\/p>\n<p><img loading=\"lazy\" decoding=\"async\" class=\" wp-image-9160 aligncenter\" src=\"http:\/\/santpedor.net\/radio\/wp-content\/uploads\/2016\/11\/Pode-210x300.jpg\" alt=\"podem\" width=\"513\" height=\"698\" \/><\/p>\n","protected":false},"excerpt":{"rendered":"<p>La Capella de Sant Andreu, a la Pla\u00e7a Gran de Santpedor, ser\u00e0 dem\u00e0\u00a0escenari de la primera assemblea de Podem a la Catalunya Central, on assistiran els inscrits i membres dels cercles de\u00a0l&#8217;Anoia, el Bages, el Bergued\u00e0 i Osona. La reuni\u00f3, on es debatr\u00e0 sobre la relaci\u00f3 amb el Consell Ciutad\u00e0 Catal\u00e0, l&#8217;estructura territorial de la [&hellip;]<\/p>\n","protected":false},"author":6,"featured_media":9161,"comment_status":"open","ping_status":"closed","sticky":false,"template":"","format":"standard","meta":{"footnotes":""},"categories":[3,136],"tags":[49,314,481,113],"class_list":{"0":"post-9159","1":"post","2":"type-post","3":"status-publish","4":"format-standard","5":"has-post-thumbnail","7":"category-noticies","8":"category-politica-i-economia","9":"tag-capella-de-sant-andreu","10":"tag-catalunya-central","11":"tag-podem","12":"tag-santpedor"},"_links":{"self":[{"href":"https:\/\/santpedor.net\/radio\/wp-json\/wp\/v2\/posts\/9159","targetHints":{"allow":["GET"]}}],"collection":[{"href":"https:\/\/santpedor.net\/radio\/wp-json\/wp\/v2\/posts"}],"about":[{"href":"https:\/\/santpedor.net\/radio\/wp-json\/wp\/v2\/types\/post"}],"author":[{"embeddable":true,"href":"https:\/\/santpedor.net\/radio\/wp-json\/wp\/v2\/users\/6"}],"replies":[{"embeddable":true,"href":"https:\/\/santpedor.net\/radio\/wp-json\/wp\/v2\/comments?post=9159"}],"version-history":[{"count":0,"href":"https:\/\/santpedor.net\/radio\/wp-json\/wp\/v2\/posts\/9159\/revisions"}],"wp:featuredmedia":[{"embeddable":true,"href":"https:\/\/santpedor.net\/radio\/wp-json\/wp\/v2\/media\/9161"}],"wp:attachment":[{"href":"https:\/\/santpedor.net\/radio\/wp-json\/wp\/v2\/media?parent=9159"}],"wp:term":[{"taxonomy":"category","embeddable":true,"href":"https:\/\/santpedor.net\/radio\/wp-json\/wp\/v2\/categories?post=9159"},{"taxonomy":"post_tag","embeddable":true,"href":"https:\/\/santpedor.net\/radio\/wp-json\/wp\/v2\/tags?post=9159"}],"curies":[{"name":"wp","href":"https:\/\/api.w.org\/{rel}","templated":true}]}}