{"id":9176,"date":"2016-11-14T12:20:52","date_gmt":"2016-11-14T11:20:52","guid":{"rendered":"http:\/\/santpedor.net\/radio\/?p=9176"},"modified":"2016-11-14T12:33:19","modified_gmt":"2016-11-14T11:33:19","slug":"gairebe-1-200-persones-completen-32a-berga-santpedor-festiva-original","status":"publish","type":"post","link":"https:\/\/santpedor.net\/radio\/gairebe-1-200-persones-completen-32a-berga-santpedor-festiva-original\/","title":{"rendered":"Gaireb\u00e9 1.200 persones completen una 32a Berga-Santpedor festiva i original"},"content":{"rendered":"<p><span style=\"color: #000000; font-family: Calibri; font-size: medium;\">La <\/span><span style=\"color: #000000; font-family: Calibri; font-size: medium;\">\u00a0<\/span><span style=\"color: #000000; font-family: Calibri; font-size: medium;\">32a Berga Santpedor\u00a0va ser un \u00e8xit. Sense incidents greus i amb fred per\u00f2 sense pluja, finalment van ser\u00a01.167 persones les qui van fer el recorregut de Berga a Santpedor, que aquest any tornava a desembocar a la Pla\u00e7a Gran, al bell mig del poble. Enguany a m\u00e9s, les fletxes indicatives havien estat guarnides de forma ben original\u00a0pels infants dels centres de prim\u00e0ria del poble.<\/span><\/p>\n<p><span style=\"color: #000000; font-family: Calibri; font-size: medium;\">Amb els seus 53km de ruta a peu i 59km de ruta en BTT, la Berga-Santpedor, organitzada pel\u00a0Centre Excursionista 2&#215;2 de Santpedor,\u00a0\u00e9s una cita no competitiva consolidada al calendari muntanyenc i d\u2019aquest tipus d\u2019esdeveniments a la Catalunya Central. Els m\u00e9s r\u00e0pids en bici van arribar a meta per sota de les dues hores i mitja, i els m\u00e9s r\u00e0pids a peu van aconseguir baixar de les 4 hores.<\/span><\/p>\n","protected":false},"excerpt":{"rendered":"<p>La \u00a032a Berga Santpedor\u00a0va ser un \u00e8xit. Sense incidents greus i amb fred per\u00f2 sense pluja, finalment van ser\u00a01.167 persones les qui van fer el recorregut de Berga a Santpedor, que aquest any tornava a desembocar a la Pla\u00e7a Gran, al bell mig del poble. Enguany a m\u00e9s, les fletxes indicatives havien estat guarnides de [&hellip;]<\/p>\n","protected":false},"author":6,"featured_media":9177,"comment_status":"open","ping_status":"closed","sticky":false,"template":"","format":"standard","meta":{"footnotes":""},"categories":[225,3],"tags":[117,270,271,463,113],"class_list":{"0":"post-9176","1":"post","2":"type-post","3":"status-publish","4":"format-standard","5":"has-post-thumbnail","7":"category-esports","8":"category-noticies","9":"tag-berga","10":"tag-berga-santpedor","11":"tag-btt","12":"tag-centre-excursionista-2x2","13":"tag-santpedor"},"_links":{"self":[{"href":"https:\/\/santpedor.net\/radio\/wp-json\/wp\/v2\/posts\/9176","targetHints":{"allow":["GET"]}}],"collection":[{"href":"https:\/\/santpedor.net\/radio\/wp-json\/wp\/v2\/posts"}],"about":[{"href":"https:\/\/santpedor.net\/radio\/wp-json\/wp\/v2\/types\/post"}],"author":[{"embeddable":true,"href":"https:\/\/santpedor.net\/radio\/wp-json\/wp\/v2\/users\/6"}],"replies":[{"embeddable":true,"href":"https:\/\/santpedor.net\/radio\/wp-json\/wp\/v2\/comments?post=9176"}],"version-history":[{"count":0,"href":"https:\/\/santpedor.net\/radio\/wp-json\/wp\/v2\/posts\/9176\/revisions"}],"wp:featuredmedia":[{"embeddable":true,"href":"https:\/\/santpedor.net\/radio\/wp-json\/wp\/v2\/media\/9177"}],"wp:attachment":[{"href":"https:\/\/santpedor.net\/radio\/wp-json\/wp\/v2\/media?parent=9176"}],"wp:term":[{"taxonomy":"category","embeddable":true,"href":"https:\/\/santpedor.net\/radio\/wp-json\/wp\/v2\/categories?post=9176"},{"taxonomy":"post_tag","embeddable":true,"href":"https:\/\/santpedor.net\/radio\/wp-json\/wp\/v2\/tags?post=9176"}],"curies":[{"name":"wp","href":"https:\/\/api.w.org\/{rel}","templated":true}]}}