{"id":9180,"date":"2016-11-15T12:36:27","date_gmt":"2016-11-15T11:36:27","guid":{"rendered":"http:\/\/santpedor.net\/radio\/?p=9180"},"modified":"2016-11-15T12:36:27","modified_gmt":"2016-11-15T11:36:27","slug":"sector-bages-bergueda-desplais-catalans-celebra-santpedor-dia-internacional-dels-drets-dels-infants","status":"publish","type":"post","link":"https:\/\/santpedor.net\/radio\/sector-bages-bergueda-desplais-catalans-celebra-santpedor-dia-internacional-dels-drets-dels-infants\/","title":{"rendered":"El sector Bages-Bergued\u00e0 d&#8217;Esplais Catalans celebra a Santpedor el dia internacional dels Drets dels Infants"},"content":{"rendered":"<p>Els esplais que formem part del Sector Bages-Bergued\u00e0 d&#8217;Esplais Catalans es reuniran el proper 19 de novembre del 2016 a Santpedor, en motiu de la diada dels drets dels infants, per fer una festa divulgativa i alhora reivindicativa, que comptar\u00e0 amb la participaci\u00f3 de m\u00e9s 360 infants i joves i 65 monitors i monitores dels esplais Geps de Santpedor, Vic Remei i Minuatx de Manresa, Merlot de Salelles, l\u2019Esplai d\u2019Avi\u00e0, l\u2019Agrupament Roques Albes de Sallent.<br \/>\nEnguany \u00e9s el vuit\u00e8 any consecutiu que celebren la Diada universal dels Drets dels Infants al Sector Bages-Bergued\u00e0. L&#8217;activitat ha passat ser una data clau al calendari, consolidant-SE coml\u2019activitat conjunta principal de principi de curs amb l&#8217;objectiu de promoure l&#8217;educaci\u00f3 pels Drets dels Infants i la participaci\u00f3 infantil a la nostra societat.<\/p>\n<p><strong>Programa d&#8217;actes<\/strong><br \/>\nEls esplais arribaran a Santpedor al mat\u00ed per fer la Gimcana dels Drets on descobrir i treballar els drets dels infants en diferents espais i places del poble. Despr\u00e9s de dinar, es dur\u00e0 a terme l\u2019activitat oberta a la ciutadania, s\u2019iniciar\u00e0 a les 15.30h amb un cercavila des de la pla\u00e7a del Sindicat fins la pla\u00e7a gran, on ballarem amb energia i a c\u00e0rrec del grup Roncola. En aquest moment tamb\u00e9 es realitzar\u00e0 en paral\u00b7lel un escape room per als grans i joves dels esplais a l\u2019institut d\u2019Auro. La clausura de la diada es far\u00e0 a les 17.30h a la Pla\u00e7a Gran on hi haur\u00e0 berenar per a tothom!<\/p>\n<figure id=\"attachment_9181\" aria-describedby=\"caption-attachment-9181\" style=\"width: 281px\" class=\"wp-caption aligncenter\"><img loading=\"lazy\" decoding=\"async\" class=\" wp-image-9181\" src=\"http:\/\/santpedor.net\/radio\/wp-content\/uploads\/2016\/11\/DDII_2016_BB-212x300.jpg\" alt=\"Programa dissabte 10 novembre\" width=\"281\" height=\"365\" \/><figcaption id=\"caption-attachment-9181\" class=\"wp-caption-text\">Programa dissabte 10 novembre<\/figcaption><\/figure>\n<p>Esplais Catalans (ESPLAC) \u00e9s una associaci\u00f3 d&#8217;esplais laica i progressista que treballa des del voluntariat per a la transformaci\u00f3 social mitjan\u00e7ant l&#8217;educaci\u00f3 en drets dels infants. Actualment formen part d\u2019Esplac 104 esplais que agrupen 6750 infants i 1560 monitors i monitores distribu\u00efts en 64 poblacions catalanes.<br \/>\nEls esplais som entitats educatives i compromeses amb el nostre entorn. Treballem durant tot l\u2019any pel compliment dels drets i per la transformaci\u00f3 social. Aquest treball es tradueix en accions concretes que contemplin generar debat, formar-nos i dotar-nos d&#8217;eines en mat\u00e8ria de drets dels infants, centrant-nos especialment en la participaci\u00f3 infantil, perqu\u00e8 l\u2019esplai per nosaltres tamb\u00e9 \u00e9s un espai de llibertat; per esdevenir ciutadans amb drets no cal tenir 18 anys. Els infants i joves tenen opini\u00f3, tenen veu i poden assumir responsabilitats. Per aix\u00f2 diem que m\u00e9s que ciutadans del futur s\u00f3n ciutadans del present; i no podem entendre ser ciutad\u00e0 sense que aix\u00f2 vagi lligat a tenir uns drets garantits i poder-los exercir.<\/p>\n","protected":false},"excerpt":{"rendered":"<p>Els esplais que formem part del Sector Bages-Bergued\u00e0 d&#8217;Esplais Catalans es reuniran el proper 19 de novembre del 2016 a Santpedor, en motiu de la diada dels drets dels infants, per fer una festa divulgativa i alhora reivindicativa, que comptar\u00e0 amb la participaci\u00f3 de m\u00e9s 360 infants i joves i 65 monitors i monitores dels [&hellip;]<\/p>\n","protected":false},"author":2,"featured_media":9182,"comment_status":"open","ping_status":"closed","sticky":false,"template":"","format":"standard","meta":{"footnotes":""},"categories":[3,137],"tags":[605,607,289,604,606,113],"class_list":{"0":"post-9180","1":"post","2":"type-post","3":"status-publish","4":"format-standard","5":"has-post-thumbnail","7":"category-noticies","8":"category-societat","9":"tag-dia-internacional-dels-drets-dels-infants","10":"tag-esplac","11":"tag-esplai-geps","12":"tag-esplais","13":"tag-esplais-catalans","14":"tag-santpedor"},"_links":{"self":[{"href":"https:\/\/santpedor.net\/radio\/wp-json\/wp\/v2\/posts\/9180","targetHints":{"allow":["GET"]}}],"collection":[{"href":"https:\/\/santpedor.net\/radio\/wp-json\/wp\/v2\/posts"}],"about":[{"href":"https:\/\/santpedor.net\/radio\/wp-json\/wp\/v2\/types\/post"}],"author":[{"embeddable":true,"href":"https:\/\/santpedor.net\/radio\/wp-json\/wp\/v2\/users\/2"}],"replies":[{"embeddable":true,"href":"https:\/\/santpedor.net\/radio\/wp-json\/wp\/v2\/comments?post=9180"}],"version-history":[{"count":0,"href":"https:\/\/santpedor.net\/radio\/wp-json\/wp\/v2\/posts\/9180\/revisions"}],"wp:featuredmedia":[{"embeddable":true,"href":"https:\/\/santpedor.net\/radio\/wp-json\/wp\/v2\/media\/9182"}],"wp:attachment":[{"href":"https:\/\/santpedor.net\/radio\/wp-json\/wp\/v2\/media?parent=9180"}],"wp:term":[{"taxonomy":"category","embeddable":true,"href":"https:\/\/santpedor.net\/radio\/wp-json\/wp\/v2\/categories?post=9180"},{"taxonomy":"post_tag","embeddable":true,"href":"https:\/\/santpedor.net\/radio\/wp-json\/wp\/v2\/tags?post=9180"}],"curies":[{"name":"wp","href":"https:\/\/api.w.org\/{rel}","templated":true}]}}