{"id":9194,"date":"2016-11-16T20:07:11","date_gmt":"2016-11-16T19:07:11","guid":{"rendered":"http:\/\/santpedor.net\/radio\/?p=9194"},"modified":"2016-11-16T20:07:11","modified_gmt":"2016-11-16T19:07:11","slug":"ampans-posara-marxa-berga-programa-juvenil-dinsercio-als-estudis-mon-laboral","status":"publish","type":"post","link":"https:\/\/santpedor.net\/radio\/ampans-posara-marxa-berga-programa-juvenil-dinsercio-als-estudis-mon-laboral\/","title":{"rendered":"AMPANS posar\u00e0 en marxa a Berga un programa juvenil d&#8217;inserci\u00f3 als estudis i al m\u00f3n laboral"},"content":{"rendered":"<p><span lang=\"CA\" style=\"margin: 0px; font-family: 'Verdana',sans-serif;\"><span style=\"color: #000000; font-size: medium;\">REDACCI\u00d3 | L<\/span><\/span><span lang=\"CA\" style=\"margin: 0px; line-height: 150%; font-family: 'Verdana',sans-serif; font-size: 11pt;\"><span style=\"color: #000000;\">\u2019Ajuntament de Berga i la fundaci\u00f3 santpedorenca AMPANS han signat un conveni de col\u00b7laboraci\u00f3 per fer arribar a la capital del bergued\u00e0 un programa d\u2019inserci\u00f3 juvenil destinat a joves.\u00a0 La signatura ha anat a c\u00e0rrec de l\u2019alcaldessa de Berga, Montserrat Ventur\u00f3s, i del director general d\u2019AMPANS, Toni Espinal.<\/span><\/span><\/p>\n<p><span lang=\"CA\" style=\"margin: 0px; line-height: 150%; font-family: 'Verdana',sans-serif; font-size: 11pt;\"><span style=\"color: #000000;\">Mitjan\u00e7ant l\u2019acord de col\u00b7laboraci\u00f3, l\u2019Ajuntament de Berga facilitar\u00e0 espais a AMPANS per realitzar el programa de Noves oportunitats, atendre les necessitats dels joves i desplegar les accions previstes, orientades a aconseguir que els joves retornin als estudis que van abandonar o trobin una sortida laboral al seu futur.<\/span><\/span><\/p>\n<p><span lang=\"CA\" style=\"margin: 0px; line-height: 150%; font-family: 'Verdana',sans-serif; font-size: 11pt;\"><span style=\"color: #000000;\">AMPANS va constituir a finals del 2015 una UTE amb la Fundaci\u00f3 Interm\u00e8dia per desplegar el programa a 5 comarques de la Catalunya central (Bages, Bergued\u00e0, Anoia, Solson\u00e8s i Osona), \u00a0on ja acompanya a 250 joves d\u2019entre 16 a 24 anys, amb el\u00a0 suport del Servei d\u2019Ocupaci\u00f3 de Catalunya i el Fons Social Europeu, dins el marc del Pla de Garantia Juvenil.\u00a0 <\/span><\/span><\/p>\n<p><span lang=\"CA\" style=\"margin: 0px; font-family: 'Verdana',sans-serif;\"><span style=\"color: #000000; font-size: medium;\">El Programa ofereix actuacions integrades d\u2019orientaci\u00f3, formaci\u00f3 i acompanyament als joves, i d\u2019intermediaci\u00f3 amb centres d\u2019ensenyament,\u00a0 entitats i empreses, i es caracteritza per oferir als joves itineraris de fins a 2 anys, per ajudar-los a desenvolupar els seus projectes professionals i personals.<\/span><\/span><span lang=\"CA\"><span style=\"color: #000000; font-family: Calibri; font-size: medium;\">\u00a0 <\/span><\/span><span lang=\"CA\" style=\"margin: 0px; font-family: 'Verdana',sans-serif;\"><span style=\"color: #000000; font-size: medium;\">Totes les actuacions s\u00f3n personalitzades de manera que la formaci\u00f3 i la metodologia s\u2019adapten a les necessitats de cada jove, que entrar\u00e0 en contacte amb professions i empreses, sempre acompanyat i amb seguiment tutorial.<\/span><\/span><\/p>\n<p><span lang=\"CA\" style=\"margin: 0px; font-family: 'Verdana',sans-serif;\"><span style=\"color: #000000; font-size: medium;\">El programa que segueixen els joves que s\u2019incorporen al projecte t\u00e9 una \u00e0mplia vessant innovadora en l\u2019aspecte metodol\u00f2gic i un gran valor afegit perqu\u00e8 refor\u00e7a les seves compet\u00e8ncies socials, c\u00edviques i emprenedores, aix\u00ed com un treball d\u2019 apoderament a partir d\u2019 interessos motivacionals\u00a0 com l\u2019esport, la cultura i les noves tecnologies.<\/span><\/span><\/p>\n<p><span lang=\"CA\" style=\"margin: 0px; font-family: 'Verdana',sans-serif; font-size: 11pt;\"><span style=\"color: #000000;\">Mitjan\u00e7ant el conveni signat entre l\u2019Ajuntament de Berga i AMPANS, el consistori de la capital del Bergued\u00e0 cedeix les seves instal\u00b7lacions i facilitar\u00e0 la coordinaci\u00f3 per dur a terme el programa entre els joves de Berga.<\/span><\/span><\/p>\n","protected":false},"excerpt":{"rendered":"<p>REDACCI\u00d3 | L\u2019Ajuntament de Berga i la fundaci\u00f3 santpedorenca AMPANS han signat un conveni de col\u00b7laboraci\u00f3 per fer arribar a la capital del bergued\u00e0 un programa d\u2019inserci\u00f3 juvenil destinat a joves.\u00a0 La signatura ha anat a c\u00e0rrec de l\u2019alcaldessa de Berga, Montserrat Ventur\u00f3s, i del director general d\u2019AMPANS, Toni Espinal. Mitjan\u00e7ant l\u2019acord de col\u00b7laboraci\u00f3, l\u2019Ajuntament [&hellip;]<\/p>\n","protected":false},"author":2,"featured_media":9196,"comment_status":"open","ping_status":"closed","sticky":false,"template":"","format":"standard","meta":{"footnotes":""},"categories":[3,137],"tags":[382,608,609,113],"class_list":{"0":"post-9194","1":"post","2":"type-post","3":"status-publish","4":"format-standard","5":"has-post-thumbnail","7":"category-noticies","8":"category-societat","9":"tag-ampans","10":"tag-insercio-laboral","11":"tag-joves","12":"tag-santpedor"},"_links":{"self":[{"href":"https:\/\/santpedor.net\/radio\/wp-json\/wp\/v2\/posts\/9194","targetHints":{"allow":["GET"]}}],"collection":[{"href":"https:\/\/santpedor.net\/radio\/wp-json\/wp\/v2\/posts"}],"about":[{"href":"https:\/\/santpedor.net\/radio\/wp-json\/wp\/v2\/types\/post"}],"author":[{"embeddable":true,"href":"https:\/\/santpedor.net\/radio\/wp-json\/wp\/v2\/users\/2"}],"replies":[{"embeddable":true,"href":"https:\/\/santpedor.net\/radio\/wp-json\/wp\/v2\/comments?post=9194"}],"version-history":[{"count":0,"href":"https:\/\/santpedor.net\/radio\/wp-json\/wp\/v2\/posts\/9194\/revisions"}],"wp:featuredmedia":[{"embeddable":true,"href":"https:\/\/santpedor.net\/radio\/wp-json\/wp\/v2\/media\/9196"}],"wp:attachment":[{"href":"https:\/\/santpedor.net\/radio\/wp-json\/wp\/v2\/media?parent=9194"}],"wp:term":[{"taxonomy":"category","embeddable":true,"href":"https:\/\/santpedor.net\/radio\/wp-json\/wp\/v2\/categories?post=9194"},{"taxonomy":"post_tag","embeddable":true,"href":"https:\/\/santpedor.net\/radio\/wp-json\/wp\/v2\/tags?post=9194"}],"curies":[{"name":"wp","href":"https:\/\/api.w.org\/{rel}","templated":true}]}}