{"id":9202,"date":"2016-11-17T20:27:46","date_gmt":"2016-11-17T19:27:46","guid":{"rendered":"http:\/\/santpedor.net\/radio\/?p=9202"},"modified":"2016-11-18T15:27:52","modified_gmt":"2016-11-18T14:27:52","slug":"santpedor-fara-taula-rodona-sobre-afrontar-cancer-traves-lart","status":"publish","type":"post","link":"https:\/\/santpedor.net\/radio\/santpedor-fara-taula-rodona-sobre-afrontar-cancer-traves-lart\/","title":{"rendered":"Santpedor far\u00e0 una taula rodona sobre com afrontar el c\u00e0ncer a trav\u00e9s de l&#8217;art"},"content":{"rendered":"<p>El proper dimecres 23 de novembre, a les 7 del vespre, amb motiu de la presentaci\u00f3 del llibre i l\u2019exposici\u00f3 Pintar, cam\u00ed de vida, a l\u2019Auditori Sant Francesc de Santpedor tindr\u00e0 lloc una taula rodona amb el t\u00edtol: \u00abArt, emocions i sentiments\u00bb. L\u2019acte comptar\u00e0 amb les aportacions de quatre convidades: la cantautora Ivette Nadal i les mestres Anna Santamaria i Carmina Duran, que tenen en com\u00fa el fet que l\u2019art, en totes les seves formes, ha estat per a elles una eina molt potent per expressar i compartir les seves emocions i els seus sentiments en els moments m\u00e9s feli\u00e7os i tamb\u00e9 en els moments m\u00e9s dif\u00edcils de les seves vides; i la doctora Montserrat Dom\u00e8nech, com a cap del servei d\u2019oncologia d\u2019Althaia. L\u2019acte l\u2019organitza l\u2019entitat Santpedor Art i Creaci\u00f3 (SAC), Matinal\u00a0Solid\u00e0ria i llibreskm0.cat, i el moderar\u00e0 la periodista Montserrat Xixons, que ha parlat de l\u2019acte a R\u00e0dio Santpedor:<\/p>\n<audio class=\"wp-audio-shortcode\" id=\"audio-9202-1\" preload=\"none\" style=\"width: 100%;\" controls=\"controls\"><source type=\"audio\/mpeg\" src=\"http:\/\/santpedor.net\/radio\/wp-content\/uploads\/2016\/11\/T1-Monte-Xixons-Taula-Rodona.mp3?_=1\" \/><a href=\"http:\/\/santpedor.net\/radio\/wp-content\/uploads\/2016\/11\/T1-Monte-Xixons-Taula-Rodona.mp3\">http:\/\/santpedor.net\/radio\/wp-content\/uploads\/2016\/11\/T1-Monte-Xixons-Taula-Rodona.mp3<\/a><\/audio>\n<p>L\u2019exposici\u00f3 i el llibre <em>Pintar, cam\u00ed de vida<\/em> conformen un diari \u00edntim i personal de com afronta el c\u00e0ncer de mama la santpedorenca Carmina Duran, en forma d&#8217;obra pl\u00e0stica i liter\u00e0ria. L&#8217;exposici\u00f3 \u00e9s la quarta vegada que es mostra; el 2015 es va poder veure a Berga, Santpedor, i a la sala d&#8217;exposicions de la Plana de l&#8217;Om de Manresa. Un any despr\u00e9s la col\u00b7lecci\u00f3 torna a Santpedor, acompanyada per una acurada edici\u00f3 de totes les pintures i els textos que les acompanyen a c\u00e0rrec de &#8220;F12 Serveis Editorials&#8221;. L&#8217;exposici\u00f3 romandr\u00e0 oberta del 24 al 27 de novembre de 2016.<\/p>\n<p><a href=\"http:\/\/santpedor.net\/radio\/wp-content\/uploads\/2016\/11\/Poster-definitiu.pdf\">Programa &#8220;Art, emocions i sentiments&#8221;<\/a><\/p>\n","protected":false},"excerpt":{"rendered":"<p>El proper dimecres 23 de novembre, a les 7 del vespre, amb motiu de la presentaci\u00f3 del llibre i l\u2019exposici\u00f3 Pintar, cam\u00ed de vida, a l\u2019Auditori Sant Francesc de Santpedor tindr\u00e0 lloc una taula rodona amb el t\u00edtol: \u00abArt, emocions i sentiments\u00bb. L\u2019acte comptar\u00e0 amb les aportacions de quatre convidades: la cantautora Ivette Nadal i [&hellip;]<\/p>\n","protected":false},"author":6,"featured_media":9205,"comment_status":"open","ping_status":"closed","sticky":false,"template":"","format":"standard","meta":{"footnotes":""},"categories":[236,3],"tags":[611,612,239,113,610],"class_list":{"0":"post-9202","1":"post","2":"type-post","3":"status-publish","4":"format-standard","5":"has-post-thumbnail","7":"category-entitats-i-cultura","8":"category-noticies","9":"tag-carmina-duran","10":"tag-monterrat-xixons","11":"tag-sac","12":"tag-santpedor","13":"tag-taula-rodona-cancer"},"_links":{"self":[{"href":"https:\/\/santpedor.net\/radio\/wp-json\/wp\/v2\/posts\/9202","targetHints":{"allow":["GET"]}}],"collection":[{"href":"https:\/\/santpedor.net\/radio\/wp-json\/wp\/v2\/posts"}],"about":[{"href":"https:\/\/santpedor.net\/radio\/wp-json\/wp\/v2\/types\/post"}],"author":[{"embeddable":true,"href":"https:\/\/santpedor.net\/radio\/wp-json\/wp\/v2\/users\/6"}],"replies":[{"embeddable":true,"href":"https:\/\/santpedor.net\/radio\/wp-json\/wp\/v2\/comments?post=9202"}],"version-history":[{"count":0,"href":"https:\/\/santpedor.net\/radio\/wp-json\/wp\/v2\/posts\/9202\/revisions"}],"wp:featuredmedia":[{"embeddable":true,"href":"https:\/\/santpedor.net\/radio\/wp-json\/wp\/v2\/media\/9205"}],"wp:attachment":[{"href":"https:\/\/santpedor.net\/radio\/wp-json\/wp\/v2\/media?parent=9202"}],"wp:term":[{"taxonomy":"category","embeddable":true,"href":"https:\/\/santpedor.net\/radio\/wp-json\/wp\/v2\/categories?post=9202"},{"taxonomy":"post_tag","embeddable":true,"href":"https:\/\/santpedor.net\/radio\/wp-json\/wp\/v2\/tags?post=9202"}],"curies":[{"name":"wp","href":"https:\/\/api.w.org\/{rel}","templated":true}]}}