{"id":9218,"date":"2016-11-21T01:32:46","date_gmt":"2016-11-21T00:32:46","guid":{"rendered":"http:\/\/santpedor.net\/radio\/?p=9218"},"modified":"2016-11-21T02:00:47","modified_gmt":"2016-11-21T01:00:47","slug":"seran-primers-pressupostos-participatius","status":"publish","type":"post","link":"https:\/\/santpedor.net\/radio\/seran-primers-pressupostos-participatius\/","title":{"rendered":"Com seran els primers pressupostos participatius?"},"content":{"rendered":"<p>La regidora d\u2019Hisenda, Judit Raja, va avan\u00e7ar al Pla\u00e7a Gran d\u2019aquest novembre alguns detalls dels primers comptes que l\u2019Ajuntament de Santpedor posar\u00e0 a votaci\u00f3. Aquest primer cop, nom\u00e9s ser\u00e0 una partida de 20.000 euros d\u2019inversi\u00f3 la que es decidir\u00e0 en la consulta. Aniran tots destinats a un dels quatre projectes tancats que el govern municipal anunciar\u00e0 aviat. Encara estan embastant-se el proc\u00e9s de votaci\u00f3 que s\u2019obrir\u00e0 a partir de l\u2019any que ve.<\/p>\n<p>Aquest va ser un dels temes que es va tractar en el programa, en qu\u00e8 la regidora tamb\u00e9 va explicar com seran els impostos de l\u2019any que ve. El ple d\u2019aquest mes va congelar les taxes, llevat de l\u2019Impost de B\u00e9ns Immobles, que es redueix per compensar una part de l\u2019encariment gradual del cadastre, arran de l\u2019\u00faltima revisi\u00f3. Tot i aix\u00f2, l\u2019Ajuntament ingressar\u00e0 50.000 euros m\u00e9s per aquest impost. L\u2019oposici\u00f3 es va abstenir. El portaveu del grup de Converg\u00e8ncia, Toni Puiggr\u00f2s, i la portaveu de Progr\u00e9s Municipal, Fina Rodr\u00edguez, lamenten que el govern d\u2019ERC es quedi curt a l\u2019hora de rebaixar l\u2019IBI; asseguren que hi havia m\u00e9s marge per reduir-lo.<\/p>\n<p><iframe id='audio_13841468' frameborder='0' allowfullscreen='' scrolling='no' height='200' src='http:\/\/www.ivoox.com\/player_ej_13841468_4_1.html?c1=828282' style='border:1px solid #EEE; box-sizing:border-box; width:100%;'><\/iframe><\/p>\n","protected":false},"excerpt":{"rendered":"<p>La regidora d\u2019Hisenda, Judit Raja, va avan\u00e7ar al Pla\u00e7a Gran d\u2019aquest novembre alguns detalls dels primers comptes que l\u2019Ajuntament de Santpedor posar\u00e0 a votaci\u00f3. Aquest primer cop, nom\u00e9s ser\u00e0 una partida de 20.000 euros d\u2019inversi\u00f3 la que es decidir\u00e0 en la consulta. Aniran tots destinats a un dels quatre projectes tancats que el govern municipal [&hellip;]<\/p>\n","protected":false},"author":4,"featured_media":9219,"comment_status":"open","ping_status":"closed","sticky":false,"template":"","format":"standard","meta":{"footnotes":""},"categories":[356,535],"tags":[7,448,36,396,113],"class_list":{"0":"post-9218","1":"post","2":"type-post","3":"status-publish","4":"format-standard","5":"has-post-thumbnail","7":"category-placa-gran","8":"category-programes","9":"tag-ajuntament","10":"tag-judit-raja","11":"tag-marc-martinez-amat","12":"tag-pressupostos-participatius","13":"tag-santpedor"},"_links":{"self":[{"href":"https:\/\/santpedor.net\/radio\/wp-json\/wp\/v2\/posts\/9218","targetHints":{"allow":["GET"]}}],"collection":[{"href":"https:\/\/santpedor.net\/radio\/wp-json\/wp\/v2\/posts"}],"about":[{"href":"https:\/\/santpedor.net\/radio\/wp-json\/wp\/v2\/types\/post"}],"author":[{"embeddable":true,"href":"https:\/\/santpedor.net\/radio\/wp-json\/wp\/v2\/users\/4"}],"replies":[{"embeddable":true,"href":"https:\/\/santpedor.net\/radio\/wp-json\/wp\/v2\/comments?post=9218"}],"version-history":[{"count":0,"href":"https:\/\/santpedor.net\/radio\/wp-json\/wp\/v2\/posts\/9218\/revisions"}],"wp:featuredmedia":[{"embeddable":true,"href":"https:\/\/santpedor.net\/radio\/wp-json\/wp\/v2\/media\/9219"}],"wp:attachment":[{"href":"https:\/\/santpedor.net\/radio\/wp-json\/wp\/v2\/media?parent=9218"}],"wp:term":[{"taxonomy":"category","embeddable":true,"href":"https:\/\/santpedor.net\/radio\/wp-json\/wp\/v2\/categories?post=9218"},{"taxonomy":"post_tag","embeddable":true,"href":"https:\/\/santpedor.net\/radio\/wp-json\/wp\/v2\/tags?post=9218"}],"curies":[{"name":"wp","href":"https:\/\/api.w.org\/{rel}","templated":true}]}}