{"id":9223,"date":"2016-11-25T12:15:56","date_gmt":"2016-11-25T11:15:56","guid":{"rendered":"http:\/\/santpedor.net\/radio\/?p=9223"},"modified":"2016-11-25T12:23:43","modified_gmt":"2016-11-25T11:23:43","slug":"cup-santpedor-demana-lajuntament-que-mon-joc-apliqui-politiques-digualtat-genere","status":"publish","type":"post","link":"https:\/\/santpedor.net\/radio\/cup-santpedor-demana-lajuntament-que-mon-joc-apliqui-politiques-digualtat-genere\/","title":{"rendered":"La CUP Santpedor demana a l&#8217;ajuntament que M\u00f3n del Joc apliqui pol\u00edtiques d&#8217;igualtat de g\u00e8nere"},"content":{"rendered":"<p>El grup de suport a les CUP de Santpedor ha fet p\u00fablic aquesta setmana un comunicat\u00a0on proposa a l&#8217;ajuntament de Santpedor que apliqui cl\u00e0usules espec\u00edfiques d&#8217;igualtat de g\u00e8nere a les empreses que contracta per oferir serveis a la ciutadania. La demanda arriba\u00a0en relaci\u00f3 amb la instal\u00b7laci\u00f3 al pavell\u00f3 Rafa Mart\u00ednez, a finals del mes que ve, del Parc de Nadal M\u00f3n del Joc,\u00a0gestionat per l&#8217;empresa Players Sport i Gesti\u00f3 SL, que l&#8217;any passat va ser acusada pels cupaires de discriminar les tasques dels monitors en funci\u00f3 del g\u00e8nere per &#8220;pol\u00edtica d&#8217;empresa&#8221;. Ho explica un\u00a0dels portaveus de la CUP Santpedor, Nicol\u00e1s Castellano:<\/p>\n<p><audio class=\"wp-audio-shortcode\" id=\"audio-9223-1\" preload=\"none\" style=\"width: 100%;\" controls=\"controls\"><source type=\"audio\/mpeg\" src=\"http:\/\/santpedor.net\/radio\/wp-content\/uploads\/2016\/11\/T-Nicol\u00e1s-Castellano-M\u00f3n-del-Joc.mp3?_=1\" \/><a href=\"http:\/\/santpedor.net\/radio\/wp-content\/uploads\/2016\/11\/T-Nicol\u00e1s-Castellano-M\u00f3n-del-Joc.mp3\">http:\/\/santpedor.net\/radio\/wp-content\/uploads\/2016\/11\/T-Nicol\u00e1s-Castellano-M\u00f3n-del-Joc.mp3<\/a><\/audio><br \/>\nL&#8217;ajuntament, que ja l&#8217;any passat va donar ple suport a l&#8217;empresa del M\u00f3n del Joc tot rebutjant les acusacions de sexisme, refusa la proposta de la CUP, tot i entenent que est\u00e0 formulada amb \u00e0nim constructiu, perqu\u00e8 no \u00e9s quelcom &#8220;que s&#8217;apliqui en cap altra cas de contractaci\u00f3 d&#8217;empreses per part de l&#8217;ajuntament&#8221;. I tampoc \u00e9s necessari, segons el regidor de Joventut, Ferran Balcells, en el cas de M\u00f3n del Joc, tot i admetre que prenen nota per estar m\u00e9s alerta en temes d&#8217;igualtat de g\u00e8nere:<\/p>\n<p><audio class=\"wp-audio-shortcode\" id=\"audio-9223-2\" preload=\"none\" style=\"width: 100%;\" controls=\"controls\"><source type=\"audio\/mpeg\" src=\"http:\/\/santpedor.net\/radio\/wp-content\/uploads\/2016\/11\/T-Ferran-Balcells-M\u00f3n-del-Joc.mp3?_=2\" \/><a href=\"http:\/\/santpedor.net\/radio\/wp-content\/uploads\/2016\/11\/T-Ferran-Balcells-M\u00f3n-del-Joc.mp3\">http:\/\/santpedor.net\/radio\/wp-content\/uploads\/2016\/11\/T-Ferran-Balcells-M\u00f3n-del-Joc.mp3<\/a><\/audio><br \/>\nLa discriminaci\u00f3 en les tasques dels monitors per ra\u00f3 de g\u00e8nere a M\u00f3n del Joc\u00a0\u00e9s un fet que Players Sport i Gesti\u00f3 SL, l&#8217;empresa gestora del Parc de Nadal, ja va negar rotundament l&#8217;any passat. Enguany, han volgut aclarir de nou a R\u00e0dio Santpedor que mai han aplicat cap tipus de &#8220;pol\u00edtica d&#8217;empresa&#8221; en aquest sentit i que, ben al contrari, com a principi b\u00e0sic tenen promoure l&#8217;igualtat de g\u00e8nere i d&#8217;oportunitats tant pels monitors com pels infants. Ho explica Raul, portaveu de l&#8217;empresa:<\/p>\n<p><audio class=\"wp-audio-shortcode\" id=\"audio-9223-3\" preload=\"none\" style=\"width: 100%;\" controls=\"controls\"><source type=\"audio\/mpeg\" src=\"http:\/\/santpedor.net\/radio\/wp-content\/uploads\/2016\/11\/T-Ra\u00fcl-Players-Sport-i-Gesti\u00f3-SL-M\u00f3n-del-Joc.mp3?_=3\" \/><a href=\"http:\/\/santpedor.net\/radio\/wp-content\/uploads\/2016\/11\/T-Ra\u00fcl-Players-Sport-i-Gesti\u00f3-SL-M\u00f3n-del-Joc.mp3\">http:\/\/santpedor.net\/radio\/wp-content\/uploads\/2016\/11\/T-Ra\u00fcl-Players-Sport-i-Gesti\u00f3-SL-M\u00f3n-del-Joc.mp3<\/a><\/audio><br \/>\n&gt;El Parc de Nadal M\u00f3n del Joc s&#8217;ha convertit els darrers anys en una de les activitats estrella del calendari nadalenc santpedorenc. Durant una setmana\u00a0(finals de desembre i principis de gener) els infants poden gaudir cada tarda d&#8217;un ampli ventall de jocs, activitats i tallers a les instal\u00b7lacions del pavell\u00f3 Rafa Mart\u00ednez. L&#8217;any passat es va superar la xifra de 150 usuaris.<\/p>\n","protected":false},"excerpt":{"rendered":"<p>El grup de suport a les CUP de Santpedor ha fet p\u00fablic aquesta setmana un comunicat\u00a0on proposa a l&#8217;ajuntament de Santpedor que apliqui cl\u00e0usules espec\u00edfiques d&#8217;igualtat de g\u00e8nere a les empreses que contracta per oferir serveis a la ciutadania. La demanda arriba\u00a0en relaci\u00f3 amb la instal\u00b7laci\u00f3 al pavell\u00f3 Rafa Mart\u00ednez, a finals del mes que [&hellip;]<\/p>\n","protected":false},"author":6,"featured_media":9226,"comment_status":"open","ping_status":"closed","sticky":false,"template":"","format":"standard","meta":{"footnotes":""},"categories":[3,137],"tags":[102,319,618,302,291,617,303,113],"class_list":{"0":"post-9223","1":"post","2":"type-post","3":"status-publish","4":"format-standard","5":"has-post-thumbnail","7":"category-noticies","8":"category-societat","9":"tag-cup","10":"tag-cup-santpedor","11":"tag-igualtat-de-genere","12":"tag-mon-del-joc","13":"tag-nadal","14":"tag-parc-de-nadal","15":"tag-players-sport-i-gestio","16":"tag-santpedor"},"_links":{"self":[{"href":"https:\/\/santpedor.net\/radio\/wp-json\/wp\/v2\/posts\/9223","targetHints":{"allow":["GET"]}}],"collection":[{"href":"https:\/\/santpedor.net\/radio\/wp-json\/wp\/v2\/posts"}],"about":[{"href":"https:\/\/santpedor.net\/radio\/wp-json\/wp\/v2\/types\/post"}],"author":[{"embeddable":true,"href":"https:\/\/santpedor.net\/radio\/wp-json\/wp\/v2\/users\/6"}],"replies":[{"embeddable":true,"href":"https:\/\/santpedor.net\/radio\/wp-json\/wp\/v2\/comments?post=9223"}],"version-history":[{"count":0,"href":"https:\/\/santpedor.net\/radio\/wp-json\/wp\/v2\/posts\/9223\/revisions"}],"wp:featuredmedia":[{"embeddable":true,"href":"https:\/\/santpedor.net\/radio\/wp-json\/wp\/v2\/media\/9226"}],"wp:attachment":[{"href":"https:\/\/santpedor.net\/radio\/wp-json\/wp\/v2\/media?parent=9223"}],"wp:term":[{"taxonomy":"category","embeddable":true,"href":"https:\/\/santpedor.net\/radio\/wp-json\/wp\/v2\/categories?post=9223"},{"taxonomy":"post_tag","embeddable":true,"href":"https:\/\/santpedor.net\/radio\/wp-json\/wp\/v2\/tags?post=9223"}],"curies":[{"name":"wp","href":"https:\/\/api.w.org\/{rel}","templated":true}]}}