{"id":9235,"date":"2016-11-24T19:57:52","date_gmt":"2016-11-24T18:57:52","guid":{"rendered":"http:\/\/santpedor.net\/radio\/?p=9235"},"modified":"2016-11-24T19:57:52","modified_gmt":"2016-11-24T18:57:52","slug":"sabates-vermelles-santpedor-combatre-violencia-genere","status":"publish","type":"post","link":"https:\/\/santpedor.net\/radio\/sabates-vermelles-santpedor-combatre-violencia-genere\/","title":{"rendered":"Sabates vermelles a Santpedor per combatre la viol\u00e8ncia de g\u00e8nere"},"content":{"rendered":"<p>Santpedor s&#8217;omplir\u00e0 divendres 25 de novembre la Pla\u00e7a Gran de sabates vermelles amb motiu del Dia Internacional Contra la Viol\u00e8ncia de G\u00e8nere. 39 parells de sabates, en concret, per 39 v\u00edctimes que hi ha hagut aquest any a Catalunya per\u00a0viol\u00e8ncia sexista. La proposta, impulsada pel Consell Comarcal del Bages,\u00a0porta per lema \u201cAquestes sabates ja no caminen. Camina tu perqu\u00e8 no torni a passar\u201d i proposa exhibir sabates vermelles -simb\u00f2licament tacades de sang- per recordar les v\u00edctimes de viol\u00e8ncia de g\u00e8nere. L\u2019artista Elina Chauvet, de Ciudad Ju\u00e1rez de M\u00e9xic \u00e9s la creadora de l\u2019obra \u2018Zapatos rojos\u2019 que simbolitza les dones desaparegudes o v\u00edctimes de la viol\u00e8ncia masclista. Una idea que es va gestar el 2009 i que ha travessat l\u2019oce\u00e0 fins a arribar, tamb\u00e9, a Santpedor.<\/p>\n<p>Aix\u00f2 ser\u00e0\u00a0dem\u00e0 a les 18h a la Pla\u00e7a Gran, on tamb\u00e9 es far\u00e0 una cantada dels nens escola de l&#8217;Escola Municipal de M\u00fasica, una performance amb llen\u00e7ols a c\u00e0rrec del SAC,\u00a0la llegida d&#8217;un conte relacionat amb la viol\u00e8ncia de g\u00e8nere, i la lectura del manifest institucional. Ho explica la regidora d&#8217;Igualtat, N\u00faria Barba.<\/p>\n<audio class=\"wp-audio-shortcode\" id=\"audio-9235-1\" preload=\"none\" style=\"width: 100%;\" controls=\"controls\"><source type=\"audio\/mpeg\" src=\"http:\/\/santpedor.net\/radio\/wp-content\/uploads\/2016\/11\/T-N\u00faria-Babra-viol\u00e8ncia-g\u00e8nere-dia.mp3?_=1\" \/><a href=\"http:\/\/santpedor.net\/radio\/wp-content\/uploads\/2016\/11\/T-N\u00faria-Babra-viol\u00e8ncia-g\u00e8nere-dia.mp3\">http:\/\/santpedor.net\/radio\/wp-content\/uploads\/2016\/11\/T-N\u00faria-Babra-viol\u00e8ncia-g\u00e8nere-dia.mp3<\/a><\/audio>\n<p>Aix\u00ed, les espelmes que l&#8217;any passat es van fer servir per recordar les v\u00edctimes de la viol\u00e8ncia de g\u00e8nere, es substituiran aquest any per les sabates vermelles. Cada parell de sabates anir\u00e0 acompanyat del nom, l&#8217;edat i la provincia d&#8217;alguna de les 39 v\u00edctimes.<\/p>\n<p>&nbsp;<\/p>\n","protected":false},"excerpt":{"rendered":"<p>Santpedor s&#8217;omplir\u00e0 divendres 25 de novembre la Pla\u00e7a Gran de sabates vermelles amb motiu del Dia Internacional Contra la Viol\u00e8ncia de G\u00e8nere. 39 parells de sabates, en concret, per 39 v\u00edctimes que hi ha hagut aquest any a Catalunya per\u00a0viol\u00e8ncia sexista. La proposta, impulsada pel Consell Comarcal del Bages,\u00a0porta per lema \u201cAquestes sabates ja no [&hellip;]<\/p>\n","protected":false},"author":6,"featured_media":9237,"comment_status":"open","ping_status":"closed","sticky":false,"template":"","format":"standard","meta":{"footnotes":""},"categories":[3,137],"tags":[620,397,621,96,619,113,280],"class_list":{"0":"post-9235","1":"post","2":"type-post","3":"status-publish","4":"format-standard","5":"has-post-thumbnail","7":"category-noticies","8":"category-societat","9":"tag-25n","10":"tag-consell-comarcal-del-bages","11":"tag-dia-mundial-contra-la-violencia-de-genere","12":"tag-placa-gran","13":"tag-sabates-vermelles","14":"tag-santpedor","15":"tag-violencia-de-genere"},"_links":{"self":[{"href":"https:\/\/santpedor.net\/radio\/wp-json\/wp\/v2\/posts\/9235","targetHints":{"allow":["GET"]}}],"collection":[{"href":"https:\/\/santpedor.net\/radio\/wp-json\/wp\/v2\/posts"}],"about":[{"href":"https:\/\/santpedor.net\/radio\/wp-json\/wp\/v2\/types\/post"}],"author":[{"embeddable":true,"href":"https:\/\/santpedor.net\/radio\/wp-json\/wp\/v2\/users\/6"}],"replies":[{"embeddable":true,"href":"https:\/\/santpedor.net\/radio\/wp-json\/wp\/v2\/comments?post=9235"}],"version-history":[{"count":0,"href":"https:\/\/santpedor.net\/radio\/wp-json\/wp\/v2\/posts\/9235\/revisions"}],"wp:featuredmedia":[{"embeddable":true,"href":"https:\/\/santpedor.net\/radio\/wp-json\/wp\/v2\/media\/9237"}],"wp:attachment":[{"href":"https:\/\/santpedor.net\/radio\/wp-json\/wp\/v2\/media?parent=9235"}],"wp:term":[{"taxonomy":"category","embeddable":true,"href":"https:\/\/santpedor.net\/radio\/wp-json\/wp\/v2\/categories?post=9235"},{"taxonomy":"post_tag","embeddable":true,"href":"https:\/\/santpedor.net\/radio\/wp-json\/wp\/v2\/tags?post=9235"}],"curies":[{"name":"wp","href":"https:\/\/api.w.org\/{rel}","templated":true}]}}