{"id":9239,"date":"2016-11-24T20:17:26","date_gmt":"2016-11-24T19:17:26","guid":{"rendered":"http:\/\/santpedor.net\/radio\/?p=9239"},"modified":"2016-11-24T20:18:04","modified_gmt":"2016-11-24T19:18:04","slug":"mes-200-persones-omplen-lauditori-convent-assistir-taula-rodona-art-emocions-sentiment","status":"publish","type":"post","link":"https:\/\/santpedor.net\/radio\/mes-200-persones-omplen-lauditori-convent-assistir-taula-rodona-art-emocions-sentiment\/","title":{"rendered":"M\u00e9s de 200 persones omplen l&#8217;Auditori Convent per assistir a la taula rodona &#8216;Art, emocions i sentiment&#8217;"},"content":{"rendered":"<p>JOAN GRIERA | L&#8217;Auditori Convent de Sant Francesc es va omplir aquest dimecres amb m\u00e9s de 200 persones per presenciar la taula rodona \u00abArt, emocions i sentiments\u00bb\u00a0amb motiu de la presentaci\u00f3 del llibre i l\u2019exposici\u00f3 &#8216;Pintar, cam\u00ed de vida&#8217; de Carmina Duran.\u00a0L\u2019acte, moderat per la periodista Montserrat Xixons, va\u00a0comptar amb les aportacions de quatre convidades: la mateixa Carmina, la cantautora Ivette Nadal i la mestra Anna Santamaria. Totes elles tenen el com\u00fa el fet que han fet front a trav\u00e9s de l&#8217;art a experi\u00e8ncies positives per\u00f2 tamb\u00e9 molt negatives en les seves vides, com \u00e9s ara el c\u00e0ncer. La doctora Montserrat Dom\u00e8nech, com a cap del servei d\u2019oncologia d\u2019Althaia, tamb\u00e9 va ser present a la xerrada.<\/p>\n<p>No us perdeu el v\u00eddeo de l&#8217;acte a c\u00e0rrec de Joan Griera.<\/p>\n","protected":false},"excerpt":{"rendered":"<p>JOAN GRIERA | L&#8217;Auditori Convent de Sant Francesc es va omplir aquest dimecres amb m\u00e9s de 200 persones per presenciar la taula rodona \u00abArt, emocions i sentiments\u00bb\u00a0amb motiu de la presentaci\u00f3 del llibre i l\u2019exposici\u00f3 &#8216;Pintar, cam\u00ed de vida&#8217; de Carmina Duran.\u00a0L\u2019acte, moderat per la periodista Montserrat Xixons, va\u00a0comptar amb les aportacions de quatre convidades: [&hellip;]<\/p>\n","protected":false},"author":2,"featured_media":9246,"comment_status":"open","ping_status":"closed","sticky":false,"template":"","format":"video","meta":{"footnotes":""},"categories":[3,137],"tags":[209,445,611,623,113,622],"class_list":{"0":"post-9239","1":"post","2":"type-post","3":"status-publish","4":"format-video","5":"has-post-thumbnail","7":"category-noticies","8":"category-societat","9":"tag-auditori-convent-de-sant-francesc","10":"tag-cancer","11":"tag-carmina-duran","12":"tag-pintar-cami-de-vida","13":"tag-santpedor","14":"tag-taula-rodona","15":"post_format-post-format-video"},"_links":{"self":[{"href":"https:\/\/santpedor.net\/radio\/wp-json\/wp\/v2\/posts\/9239","targetHints":{"allow":["GET"]}}],"collection":[{"href":"https:\/\/santpedor.net\/radio\/wp-json\/wp\/v2\/posts"}],"about":[{"href":"https:\/\/santpedor.net\/radio\/wp-json\/wp\/v2\/types\/post"}],"author":[{"embeddable":true,"href":"https:\/\/santpedor.net\/radio\/wp-json\/wp\/v2\/users\/2"}],"replies":[{"embeddable":true,"href":"https:\/\/santpedor.net\/radio\/wp-json\/wp\/v2\/comments?post=9239"}],"version-history":[{"count":0,"href":"https:\/\/santpedor.net\/radio\/wp-json\/wp\/v2\/posts\/9239\/revisions"}],"wp:featuredmedia":[{"embeddable":true,"href":"https:\/\/santpedor.net\/radio\/wp-json\/wp\/v2\/media\/9246"}],"wp:attachment":[{"href":"https:\/\/santpedor.net\/radio\/wp-json\/wp\/v2\/media?parent=9239"}],"wp:term":[{"taxonomy":"category","embeddable":true,"href":"https:\/\/santpedor.net\/radio\/wp-json\/wp\/v2\/categories?post=9239"},{"taxonomy":"post_tag","embeddable":true,"href":"https:\/\/santpedor.net\/radio\/wp-json\/wp\/v2\/tags?post=9239"}],"curies":[{"name":"wp","href":"https:\/\/api.w.org\/{rel}","templated":true}]}}