{"id":9284,"date":"2016-12-02T13:30:27","date_gmt":"2016-12-02T12:30:27","guid":{"rendered":"http:\/\/santpedor.net\/radio\/?p=9284"},"modified":"2016-12-02T11:43:33","modified_gmt":"2016-12-02T10:43:33","slug":"santpedorsensevaquetes-lema-plataforma-animalista-santpedor-acabar-correbous-poble","status":"publish","type":"post","link":"https:\/\/santpedor.net\/radio\/santpedorsensevaquetes-lema-plataforma-animalista-santpedor-acabar-correbous-poble\/","title":{"rendered":"#SantpedorSenseVaquetes , el lema de la Plataforma Animalista de Santpedor per acabar amb els correbous al poble"},"content":{"rendered":"<p>La Plataforma Animalista de Santpedor (PAS) persisteix en l&#8217;objectiu d&#8217;eliminar els correbous de la graella d&#8217;activitats de la Festa Major. Aquests dies, ha fet arribar una doble proposta a l&#8217;ajuntament de Santpedor en aquest sentit, sota el lema #SantpedorSenseVaquetes :<\/p>\n<p>-Que Santpedor es declari municipi antitaur\u00ed i amic dels animals, i renunci\u00ef a continuar organitzant directa o indirectament cap tipus de festa ni activitat l\u00fadica que impliqui l\u2019\u00fas d\u2019animals vius.<\/p>\n<p>-Que l\u2019ajuntament es comprometi a destinar els aproximadament 8.500 euros que costa aquest acte a accions o plans socials que enriqueixin i millorin la vida del poble i\/o a activitats alternatives i \u00e8tiques de diversi\u00f3.<\/p>\n<p>A dia d&#8217;avui el PAS ja ha tingut reunions amb membres de l&#8217;equip de govern i vol fer el mateix amb els grups de la oposici\u00f3. S&#8217;emparen en la llei de protecci\u00f3 animal de la Generalitat de Catalunya, que afirma que &#8220;els animals s\u00f3n \u00e9ssers vius dotats\u00a0\u00a0de sensibilitat f\u00edsica i ps\u00edquica i per tant ning\u00fa els ha de provocar sofriment o maltractament ni causar-los estats d\u2019ansietat o por&#8221;. A m\u00e9s, asseguren que &#8220;les Vaquetes s\u00f3n un acte anacr\u00f2nic i cruel, impropi d\u2019una societat moderna. Creiem que \u00e9s inconcebible que en ple segle XXI es segueixin celebrant aquest tipus d\u2019espectacle amb animals per a diversi\u00f3 d\u2019uns quants, existint multitud d\u2019alternatives \u00e8tiques sense haver d\u2019emprar els animals pel nostre divertiment&#8221;.<\/p>\n<p>L&#8217;entitat, nascuda al juny d&#8217;aquest mateix 2016, poc despr\u00e9s de la Festa Major, ja va ser impulsora a principis de desembre d&#8217;una campanya a Change.org per eliminar les vaquetes del poble. Actualment la campanya compta ja amb gaireb\u00e9 6.000 firmes de suport.<\/p>\n<p>&nbsp;<\/p>\n<p>&nbsp;<\/p>\n<p>&nbsp;<\/p>\n","protected":false},"excerpt":{"rendered":"<p>La Plataforma Animalista de Santpedor (PAS) persisteix en l&#8217;objectiu d&#8217;eliminar els correbous de la graella d&#8217;activitats de la Festa Major. Aquests dies, ha fet arribar una doble proposta a l&#8217;ajuntament de Santpedor en aquest sentit, sota el lema #SantpedorSenseVaquetes : -Que Santpedor es declari municipi antitaur\u00ed i amic dels animals, i renunci\u00ef a continuar organitzant [&hellip;]<\/p>\n","protected":false},"author":6,"featured_media":9286,"comment_status":"open","ping_status":"closed","sticky":false,"template":"","format":"standard","meta":{"footnotes":""},"categories":[3,137],"tags":[406,55,632,113,407],"class_list":{"0":"post-9284","1":"post","2":"type-post","3":"status-publish","4":"format-standard","5":"has-post-thumbnail","7":"category-noticies","8":"category-societat","9":"tag-correbous","10":"tag-festa-major","11":"tag-plataforma-animalista-santpedor","12":"tag-santpedor","13":"tag-vaquetes"},"_links":{"self":[{"href":"https:\/\/santpedor.net\/radio\/wp-json\/wp\/v2\/posts\/9284","targetHints":{"allow":["GET"]}}],"collection":[{"href":"https:\/\/santpedor.net\/radio\/wp-json\/wp\/v2\/posts"}],"about":[{"href":"https:\/\/santpedor.net\/radio\/wp-json\/wp\/v2\/types\/post"}],"author":[{"embeddable":true,"href":"https:\/\/santpedor.net\/radio\/wp-json\/wp\/v2\/users\/6"}],"replies":[{"embeddable":true,"href":"https:\/\/santpedor.net\/radio\/wp-json\/wp\/v2\/comments?post=9284"}],"version-history":[{"count":0,"href":"https:\/\/santpedor.net\/radio\/wp-json\/wp\/v2\/posts\/9284\/revisions"}],"wp:featuredmedia":[{"embeddable":true,"href":"https:\/\/santpedor.net\/radio\/wp-json\/wp\/v2\/media\/9286"}],"wp:attachment":[{"href":"https:\/\/santpedor.net\/radio\/wp-json\/wp\/v2\/media?parent=9284"}],"wp:term":[{"taxonomy":"category","embeddable":true,"href":"https:\/\/santpedor.net\/radio\/wp-json\/wp\/v2\/categories?post=9284"},{"taxonomy":"post_tag","embeddable":true,"href":"https:\/\/santpedor.net\/radio\/wp-json\/wp\/v2\/tags?post=9284"}],"curies":[{"name":"wp","href":"https:\/\/api.w.org\/{rel}","templated":true}]}}