{"id":9292,"date":"2016-12-02T13:27:33","date_gmt":"2016-12-02T12:27:33","guid":{"rendered":"http:\/\/santpedor.net\/radio\/?p=9292"},"modified":"2016-12-02T13:30:33","modified_gmt":"2016-12-02T12:30:33","slug":"accents-diacritics-recurreguts-dels-ocells-precaucions-vida-gronxador","status":"publish","type":"post","link":"https:\/\/santpedor.net\/radio\/accents-diacritics-recurreguts-dels-ocells-precaucions-vida-gronxador\/","title":{"rendered":"Accents diacr\u00edtics, recorreguts dels ocells i precaucions de la vida: El Gronxador!"},"content":{"rendered":"<p>&nbsp;<\/p>\n<p><span style=\"font-weight: 400;\">Aquest mes de novembre els alumnes de les escoles: Riu d&#8217;Or, Llissach, Serreta, Escola Municipal de M\u00fasica i l&#8217;escola Olivar de Castellnou de Bages han preparat not\u00edcies, reportatges, cr\u00f2niques i entrevistes sobre el m\u00f3n que els envolten.<\/span><\/p>\n<p>En aquest <img loading=\"lazy\" decoding=\"async\" class=\" wp-image-9294 alignleft\" src=\"http:\/\/santpedor.net\/radio\/wp-content\/uploads\/2016\/12\/CCA679D2-0F4F-433E-AF58-9234DFC60FDF-300x225.jpg\" alt=\"cca679d2-0f4f-433e-af58-9234dfc60fdf\" width=\"195\" height=\"146\" srcset=\"https:\/\/santpedor.net\/radio\/wp-content\/uploads\/2016\/12\/CCA679D2-0F4F-433E-AF58-9234DFC60FDF-300x225.jpg 300w, https:\/\/santpedor.net\/radio\/wp-content\/uploads\/2016\/12\/CCA679D2-0F4F-433E-AF58-9234DFC60FDF-768x576.jpg 768w, https:\/\/santpedor.net\/radio\/wp-content\/uploads\/2016\/12\/CCA679D2-0F4F-433E-AF58-9234DFC60FDF.jpg 1024w, https:\/\/santpedor.net\/radio\/wp-content\/uploads\/2016\/12\/CCA679D2-0F4F-433E-AF58-9234DFC60FDF-80x60.jpg 80w, https:\/\/santpedor.net\/radio\/wp-content\/uploads\/2016\/12\/CCA679D2-0F4F-433E-AF58-9234DFC60FDF-265x198.jpg 265w, https:\/\/santpedor.net\/radio\/wp-content\/uploads\/2016\/12\/CCA679D2-0F4F-433E-AF58-9234DFC60FDF-696x522.jpg 696w, https:\/\/santpedor.net\/radio\/wp-content\/uploads\/2016\/12\/CCA679D2-0F4F-433E-AF58-9234DFC60FDF-1068x801.jpg 1068w, https:\/\/santpedor.net\/radio\/wp-content\/uploads\/2016\/12\/CCA679D2-0F4F-433E-AF58-9234DFC60FDF-560x420.jpg 560w\" sizes=\"auto, (max-width: 195px) 100vw, 195px\" \/>mes de novembre els alumnes de l&#8217;escola Riu d&#8217;Or ens han preparat un reportatge sobretot el que cal saber sobre la vida. Els alumnes de 4rt de la Serreta han\u00a0explicarat el recorregut que fan els ocells durant l&#8217;hivern i han recitat poemes amenitzats amb el so de tres flautes.<\/p>\n<p>&nbsp;<\/p>\n<p>Els nens i nenes de l&#8217;escola Llissach han volgut saber quines s\u00f3n les paraules que ja no porten accent diacr\u00edtic, tamb\u00e9 expliquen com va anar la jornada conjunta que van fer amb els alumnes del centre Jeroni de Moragues i, han fet una entrevista a la seva professora nativa d&#8217;angl\u00e8s, la Sam. Per acabar, com cada mes, els alumnes de l&#8217;escola municipal de m\u00fasica han preparat una pe\u00e7a musical!<\/p>\n<p><img loading=\"lazy\" decoding=\"async\" class=\" wp-image-9295 aligncenter\" src=\"http:\/\/santpedor.net\/radio\/wp-content\/uploads\/2016\/12\/IMG_0228-300x225.jpg\" alt=\"img_0228\" width=\"477\" height=\"358\" srcset=\"https:\/\/santpedor.net\/radio\/wp-content\/uploads\/2016\/12\/IMG_0228-300x225.jpg 300w, https:\/\/santpedor.net\/radio\/wp-content\/uploads\/2016\/12\/IMG_0228-768x576.jpg 768w, https:\/\/santpedor.net\/radio\/wp-content\/uploads\/2016\/12\/IMG_0228.jpg 1024w, https:\/\/santpedor.net\/radio\/wp-content\/uploads\/2016\/12\/IMG_0228-80x60.jpg 80w, https:\/\/santpedor.net\/radio\/wp-content\/uploads\/2016\/12\/IMG_0228-265x198.jpg 265w, https:\/\/santpedor.net\/radio\/wp-content\/uploads\/2016\/12\/IMG_0228-696x522.jpg 696w, https:\/\/santpedor.net\/radio\/wp-content\/uploads\/2016\/12\/IMG_0228-1068x801.jpg 1068w, https:\/\/santpedor.net\/radio\/wp-content\/uploads\/2016\/12\/IMG_0228-560x420.jpg 560w\" sizes=\"auto, (max-width: 477px) 100vw, 477px\" \/><\/p>\n","protected":false},"excerpt":{"rendered":"<p>&nbsp; Aquest mes de novembre els alumnes de les escoles: Riu d&#8217;Or, Llissach, Serreta, Escola Municipal de M\u00fasica i l&#8217;escola Olivar de Castellnou de Bages han preparat not\u00edcies, reportatges, cr\u00f2niques i entrevistes sobre el m\u00f3n que els envolten. En aquest mes de novembre els alumnes de l&#8217;escola Riu d&#8217;Or ens han preparat un reportatge sobretot [&hellip;]<\/p>\n","protected":false},"author":1,"featured_media":9293,"comment_status":"open","ping_status":"closed","sticky":false,"template":"","format":"standard","meta":{"footnotes":""},"categories":[616,535],"tags":[633,69,634,279,636,635,113],"class_list":{"0":"post-9292","1":"post","2":"type-post","3":"status-publish","4":"format-standard","5":"has-post-thumbnail","7":"category-el-gronxador","8":"category-programes","9":"tag-educacio","10":"tag-el-gronxador","11":"tag-escoles","12":"tag-infants","13":"tag-nens","14":"tag-pares-i-mares","15":"tag-santpedor"},"_links":{"self":[{"href":"https:\/\/santpedor.net\/radio\/wp-json\/wp\/v2\/posts\/9292","targetHints":{"allow":["GET"]}}],"collection":[{"href":"https:\/\/santpedor.net\/radio\/wp-json\/wp\/v2\/posts"}],"about":[{"href":"https:\/\/santpedor.net\/radio\/wp-json\/wp\/v2\/types\/post"}],"author":[{"embeddable":true,"href":"https:\/\/santpedor.net\/radio\/wp-json\/wp\/v2\/users\/1"}],"replies":[{"embeddable":true,"href":"https:\/\/santpedor.net\/radio\/wp-json\/wp\/v2\/comments?post=9292"}],"version-history":[{"count":0,"href":"https:\/\/santpedor.net\/radio\/wp-json\/wp\/v2\/posts\/9292\/revisions"}],"wp:featuredmedia":[{"embeddable":true,"href":"https:\/\/santpedor.net\/radio\/wp-json\/wp\/v2\/media\/9293"}],"wp:attachment":[{"href":"https:\/\/santpedor.net\/radio\/wp-json\/wp\/v2\/media?parent=9292"}],"wp:term":[{"taxonomy":"category","embeddable":true,"href":"https:\/\/santpedor.net\/radio\/wp-json\/wp\/v2\/categories?post=9292"},{"taxonomy":"post_tag","embeddable":true,"href":"https:\/\/santpedor.net\/radio\/wp-json\/wp\/v2\/tags?post=9292"}],"curies":[{"name":"wp","href":"https:\/\/api.w.org\/{rel}","templated":true}]}}