{"id":9308,"date":"2016-12-05T11:56:31","date_gmt":"2016-12-05T10:56:31","guid":{"rendered":"http:\/\/santpedor.net\/radio\/?p=9308"},"modified":"2016-12-05T11:59:08","modified_gmt":"2016-12-05T10:59:08","slug":"ple-extraordinari-jornada-treball-lajuntament-santpedor-pel-dia-constitucio","status":"publish","type":"post","link":"https:\/\/santpedor.net\/radio\/ple-extraordinari-jornada-treball-lajuntament-santpedor-pel-dia-constitucio\/","title":{"rendered":"Ple extraordin\u00e0ri i jornada de treball a l&#8217;ajuntament de Santpedor pel Dia de la Constituci\u00f3"},"content":{"rendered":"<p>L&#8217;alcalde de Santpedor, Xavier Codina, ha confirmat que els regidors de l&#8217;equip de govern santpedorenc (ERC) treballaran el proper dimarts 6 de desembre, dia del a Constituci\u00f3 Espanyola, i es sumaran aix\u00ed a la crida de la AMI (Associaci\u00f3 de Municipis per la Independ\u00e8ncia) per no fer festa en aquesta data festiva senyalada al calendari espanyol. En concret, els regidors seran a l&#8217;ajuntament treballant en els nous pressupostos que s&#8217;han de presentar en el ple municipal ordin\u00e0ri del mes de desembre (dimarts 13 a les 19:30h).<\/p>\n<p>A m\u00e9s, Codina ha convocat un Ple Extraordinari a les 12h del 6d per debatre una moci\u00f3 per adherir els regidors l&#8217;Assemblea d&#8217;Electes de Catalunya (AECAT), promoguda per la ANC i la mateixa AMI. Progr\u00e9s Municipal ja ha confirmat que no podr\u00e0 assistir-hi, per\u00f2 s\u00ed que ho far\u00e0 el Partit Dem\u00f2crata Catal\u00e0.<\/p>\n<p>Regidors de molts municipis de Catalunya tamb\u00e9 treballaran pel 6d, tal i com ja va passar el passat 12 d&#8217;octubre, dia de la Hispanitat, i en algun poble els ajuntaments fins i tot obriran les portes, com si fos un dia feiner qualsevol.<\/p>\n<p>&nbsp;<\/p>\n","protected":false},"excerpt":{"rendered":"<p>L&#8217;alcalde de Santpedor, Xavier Codina, ha confirmat que els regidors de l&#8217;equip de govern santpedorenc (ERC) treballaran el proper dimarts 6 de desembre, dia del a Constituci\u00f3 Espanyola, i es sumaran aix\u00ed a la crida de la AMI (Associaci\u00f3 de Municipis per la Independ\u00e8ncia) per no fer festa en aquesta data festiva senyalada al calendari [&hellip;]<\/p>\n","protected":false},"author":6,"featured_media":9312,"comment_status":"open","ping_status":"closed","sticky":false,"template":"","format":"standard","meta":{"footnotes":""},"categories":[3,136],"tags":[640,7,615,639,113,20],"class_list":{"0":"post-9308","1":"post","2":"type-post","3":"status-publish","4":"format-standard","5":"has-post-thumbnail","7":"category-noticies","8":"category-politica-i-economia","9":"tag-6d","10":"tag-ajuntament","11":"tag-dia-de-la-constitucio","12":"tag-ple-extraordinari","13":"tag-santpedor","14":"tag-xavier-codina"},"_links":{"self":[{"href":"https:\/\/santpedor.net\/radio\/wp-json\/wp\/v2\/posts\/9308","targetHints":{"allow":["GET"]}}],"collection":[{"href":"https:\/\/santpedor.net\/radio\/wp-json\/wp\/v2\/posts"}],"about":[{"href":"https:\/\/santpedor.net\/radio\/wp-json\/wp\/v2\/types\/post"}],"author":[{"embeddable":true,"href":"https:\/\/santpedor.net\/radio\/wp-json\/wp\/v2\/users\/6"}],"replies":[{"embeddable":true,"href":"https:\/\/santpedor.net\/radio\/wp-json\/wp\/v2\/comments?post=9308"}],"version-history":[{"count":0,"href":"https:\/\/santpedor.net\/radio\/wp-json\/wp\/v2\/posts\/9308\/revisions"}],"wp:featuredmedia":[{"embeddable":true,"href":"https:\/\/santpedor.net\/radio\/wp-json\/wp\/v2\/media\/9312"}],"wp:attachment":[{"href":"https:\/\/santpedor.net\/radio\/wp-json\/wp\/v2\/media?parent=9308"}],"wp:term":[{"taxonomy":"category","embeddable":true,"href":"https:\/\/santpedor.net\/radio\/wp-json\/wp\/v2\/categories?post=9308"},{"taxonomy":"post_tag","embeddable":true,"href":"https:\/\/santpedor.net\/radio\/wp-json\/wp\/v2\/tags?post=9308"}],"curies":[{"name":"wp","href":"https:\/\/api.w.org\/{rel}","templated":true}]}}