{"id":9315,"date":"2016-12-06T13:56:53","date_gmt":"2016-12-06T12:56:53","guid":{"rendered":"http:\/\/santpedor.net\/radio\/?p=9315"},"modified":"2016-12-07T23:02:44","modified_gmt":"2016-12-07T22:02:44","slug":"xavier-codina-dara-endavant-6d-sera-dia-treball-santpedor","status":"publish","type":"post","link":"https:\/\/santpedor.net\/radio\/xavier-codina-dara-endavant-6d-sera-dia-treball-santpedor\/","title":{"rendered":"Xavier Codina: &#8220;d&#8217;ara endavant el 6d ser\u00e0 un dia de treball a Santpedor&#8221;"},"content":{"rendered":"<p>Jornada de treball intens a l&#8217;ajuntament de Santpedor avui, 6 de desembre, coincidint amb el Dia de la Constituci\u00f3. Tal i com ja van avisar des de l&#8217;equip de govern, tots els regidors han pasat el mat\u00ed treballant els pressupostos del 2017, que ja s\u00f3n gaireb\u00e9 a punt i que es presentaran al ple de dimarts 14 de desembre.<\/p>\n<figure id=\"attachment_9319\" aria-describedby=\"caption-attachment-9319\" style=\"width: 345px\" class=\"wp-caption alignright\"><img loading=\"lazy\" decoding=\"async\" class=\"wp-image-9319\" src=\"http:\/\/santpedor.net\/radio\/wp-content\/uploads\/2016\/12\/regidors-santpedor-treballant-pel-6d-300x169.jpg\" alt=\"Els regidors de l'equip de govern de Santpedor treballant a l'ajuntament pel Dia de la Constituci\u00f3\" width=\"345\" height=\"197\" \/><figcaption id=\"caption-attachment-9319\" class=\"wp-caption-text\">Els regidors de l&#8217;equip de govern de Santpedor treballant a l&#8217;ajuntament pel Dia de la Constituci\u00f3<\/figcaption><\/figure>\n<p>Al migdia, a m\u00e9s, els regidors d&#8217;Esquerra Repubicana de Catalunya i del Partit Dem\u00f2crata Catal\u00e0 de Santpedor han formalitzat la seva adhesi\u00f3 a l&#8217;Assemblea d&#8217;Electes de Catalunya (AECAT) en un concorregut ple extraordin\u00e0ri -hi havia una vintena d&#8217;assistents-. L&#8217;AECAT \u00e9s un \u00f2rgan promoguut per l&#8217;Assemblea Nacional de Catalunya (ANC) i l&#8217;Associaci\u00f3 de Municipis per la Independ\u00e8ncia (AMI) que aglutina els c\u00e0rrecs electes municipals que volen donar suport a la futura rep\u00fablica catalana i els coordina davant possibles eventualitats com possibles inhabilitacions de c\u00e0rrecs p\u00fablics. Aix\u00ed parlava de la jornada i la la moci\u00f3 aprovada al ple, l&#8217;alcalde, Xavier Codina:<\/p>\n<audio class=\"wp-audio-shortcode\" id=\"audio-9315-1\" preload=\"none\" style=\"width: 100%;\" controls=\"controls\"><source type=\"audio\/mpeg\" src=\"http:\/\/santpedor.net\/radio\/wp-content\/uploads\/2016\/12\/T-Xavier-Codina-6d-adhesi\u00f3-AEIC.mp3?_=1\" \/><a href=\"http:\/\/santpedor.net\/radio\/wp-content\/uploads\/2016\/12\/T-Xavier-Codina-6d-adhesi\u00f3-AEIC.mp3\">http:\/\/santpedor.net\/radio\/wp-content\/uploads\/2016\/12\/T-Xavier-Codina-6d-adhesi\u00f3-AEIC.mp3<\/a><\/audio>\n<p>Montse Claret, representant del PDC al ple municipal, ha recalcat tamb\u00e9 el ple suport del seu partit a la moci\u00f3 i al proc\u00e9s d&#8217;independ\u00e8ncia:<\/p>\n<audio class=\"wp-audio-shortcode\" id=\"audio-9315-2\" preload=\"none\" style=\"width: 100%;\" controls=\"controls\"><source type=\"audio\/mpeg\" src=\"http:\/\/santpedor.net\/radio\/wp-content\/uploads\/2016\/12\/T-Montse-Claret-6d-adhesi\u00f3-AEIC.mp3?_=2\" \/><a href=\"http:\/\/santpedor.net\/radio\/wp-content\/uploads\/2016\/12\/T-Montse-Claret-6d-adhesi\u00f3-AEIC.mp3\">http:\/\/santpedor.net\/radio\/wp-content\/uploads\/2016\/12\/T-Montse-Claret-6d-adhesi\u00f3-AEIC.mp3<\/a><\/audio>\n<p>La moci\u00f3 s&#8217;ha aprovat per unanimitat amb l&#8217;abs\u00e8ncia, aix\u00f2 s\u00ed, dels dos regidors de Progr\u00e9s Municipal. En total han sigut ni 20 minuts de ple, culminats amb la lectura del manifest de suport als c\u00e0rrecs p\u00fablics catalans i al proc\u00e9s d&#8217;independ\u00e8ncia per part de Jacint Valls, coordinador de l&#8217;ANC a Santpedor i Castellnou de Bages.<\/p>\n<p>V\u00cdDEO DE JOAN GRIERA<\/p>\n","protected":false},"excerpt":{"rendered":"<p>Jornada de treball intens a l&#8217;ajuntament de Santpedor avui, 6 de desembre, coincidint amb el Dia de la Constituci\u00f3. Tal i com ja van avisar des de l&#8217;equip de govern, tots els regidors han pasat el mat\u00ed treballant els pressupostos del 2017, que ja s\u00f3n gaireb\u00e9 a punt i que es presentaran al ple de [&hellip;]<\/p>\n","protected":false},"author":6,"featured_media":9332,"comment_status":"open","ping_status":"closed","sticky":false,"template":"","format":"video","meta":{"footnotes":""},"categories":[3,136],"tags":[640,642,7,187,184,615,21,641,599,113,20],"class_list":{"0":"post-9315","1":"post","2":"type-post","3":"status-publish","4":"format-video","5":"has-post-thumbnail","7":"category-noticies","8":"category-politica-i-economia","9":"tag-6d","10":"tag-aecat","11":"tag-ajuntament","12":"tag-anc","13":"tag-catalunya","14":"tag-dia-de-la-constitucio","15":"tag-erc","16":"tag-montse-claret","17":"tag-pdc","18":"tag-santpedor","19":"tag-xavier-codina","20":"post_format-post-format-video"},"_links":{"self":[{"href":"https:\/\/santpedor.net\/radio\/wp-json\/wp\/v2\/posts\/9315","targetHints":{"allow":["GET"]}}],"collection":[{"href":"https:\/\/santpedor.net\/radio\/wp-json\/wp\/v2\/posts"}],"about":[{"href":"https:\/\/santpedor.net\/radio\/wp-json\/wp\/v2\/types\/post"}],"author":[{"embeddable":true,"href":"https:\/\/santpedor.net\/radio\/wp-json\/wp\/v2\/users\/6"}],"replies":[{"embeddable":true,"href":"https:\/\/santpedor.net\/radio\/wp-json\/wp\/v2\/comments?post=9315"}],"version-history":[{"count":0,"href":"https:\/\/santpedor.net\/radio\/wp-json\/wp\/v2\/posts\/9315\/revisions"}],"wp:featuredmedia":[{"embeddable":true,"href":"https:\/\/santpedor.net\/radio\/wp-json\/wp\/v2\/media\/9332"}],"wp:attachment":[{"href":"https:\/\/santpedor.net\/radio\/wp-json\/wp\/v2\/media?parent=9315"}],"wp:term":[{"taxonomy":"category","embeddable":true,"href":"https:\/\/santpedor.net\/radio\/wp-json\/wp\/v2\/categories?post=9315"},{"taxonomy":"post_tag","embeddable":true,"href":"https:\/\/santpedor.net\/radio\/wp-json\/wp\/v2\/tags?post=9315"}],"curies":[{"name":"wp","href":"https:\/\/api.w.org\/{rel}","templated":true}]}}