{"id":9323,"date":"2016-12-06T18:13:25","date_gmt":"2016-12-06T17:13:25","guid":{"rendered":"http:\/\/santpedor.net\/radio\/?p=9323"},"modified":"2016-12-06T18:14:01","modified_gmt":"2016-12-06T17:14:01","slug":"anais-vila-100-noves-veus-femenines-reconegudes-revista-enderrock","status":"publish","type":"post","link":"https:\/\/santpedor.net\/radio\/anais-vila-100-noves-veus-femenines-reconegudes-revista-enderrock\/","title":{"rendered":"Ana\u00efs Vila \u00e9s una de les 100 noves veus femenines reconegudes per la revista Enderrock"},"content":{"rendered":"<p>N\u00daRIA CLOSAS | La cantant santpedorenca, Ana\u00efs Vila, ha rebut un reconeixement per part del Grup Enderrock com a una de les 100 noves veus femenines destacades en l&#8217;edici\u00f3 especial de desembre de la revista Enderrock juntament amb l&#8217;Institut Catal\u00e0 de les Dones. Vila, que tamb\u00e9 dirigeix el programa d&#8217;OnaBages &#8216;Efecte Sonor&#8217;, est\u00e0 ampliant a Liverpool els seus estudis musicals i des d&#8217;all\u00e0, ens fa una valoraci\u00f3 del fet de compartir espai amb altres noves veus femenines en la revista musical.<\/p>\n<audio class=\"wp-audio-shortcode\" id=\"audio-9323-1\" preload=\"none\" style=\"width: 100%;\" controls=\"controls\"><source type=\"audio\/mpeg\" src=\"http:\/\/onabages.cat\/wp-content\/uploads\/ana\u00efs_reconeixement.mp3?_=1\" \/><a href=\"http:\/\/onabages.cat\/wp-content\/uploads\/ana\u00efs_reconeixement.mp3\">http:\/\/onabages.cat\/wp-content\/uploads\/ana\u00efs_reconeixement.mp3<\/a><\/audio>\n<p>La cantant torna per festes, amb un concert al Teatre Conservatori el 29 de desembre que tancar\u00e0 la gira del seu \u00e0lbum debut &#8216;Entre els dits&#8217;.<\/p>\n<audio class=\"wp-audio-shortcode\" id=\"audio-9323-2\" preload=\"none\" style=\"width: 100%;\" controls=\"controls\"><source type=\"audio\/mpeg\" src=\"http:\/\/onabages.cat\/wp-content\/uploads\/ana\u00efs_concert_manresa_.mp3?_=2\" \/><a href=\"http:\/\/onabages.cat\/wp-content\/uploads\/ana\u00efs_concert_manresa_.mp3\">http:\/\/onabages.cat\/wp-content\/uploads\/ana\u00efs_concert_manresa_.mp3<\/a><\/audio>\n<p>La seva estada a Liverpool tamb\u00e9 \u00e9s una nova font d&#8217;inspiraci\u00f3 per l&#8217;Ana\u00efs, que ja avan\u00e7a alguna can\u00e7\u00f3 en angl\u00e8s.<\/p>\n<audio class=\"wp-audio-shortcode\" id=\"audio-9323-3\" preload=\"none\" style=\"width: 100%;\" controls=\"controls\"><source type=\"audio\/mpeg\" src=\"http:\/\/onabages.cat\/wp-content\/uploads\/ana\u00efs_pq_liverpool.mp3?_=3\" \/><a href=\"http:\/\/onabages.cat\/wp-content\/uploads\/ana\u00efs_pq_liverpool.mp3\">http:\/\/onabages.cat\/wp-content\/uploads\/ana\u00efs_pq_liverpool.mp3<\/a><\/audio>\n<p>Entre els continguts del monogr\u00e0fic d&#8217;Enderrock, s&#8217;hi poden trobar des de creadores de refer\u00e8ncia com Maria del Mar Bonet, que protagonitza la portada per celebrar els 50 anys de carrera als escenaris, fins a les 100 protagonistes de la selecci\u00f3 que els periodistes musicals de la publicaci\u00f3 han destacat.<\/p>\n","protected":false},"excerpt":{"rendered":"<p>N\u00daRIA CLOSAS | La cantant santpedorenca, Ana\u00efs Vila, ha rebut un reconeixement per part del Grup Enderrock com a una de les 100 noves veus femenines destacades en l&#8217;edici\u00f3 especial de desembre de la revista Enderrock juntament amb l&#8217;Institut Catal\u00e0 de les Dones. Vila, que tamb\u00e9 dirigeix el programa d&#8217;OnaBages &#8216;Efecte Sonor&#8217;, est\u00e0 ampliant a [&hellip;]<\/p>\n","protected":false},"author":2,"featured_media":9324,"comment_status":"open","ping_status":"closed","sticky":false,"template":"","format":"standard","meta":{"footnotes":""},"categories":[236,3],"tags":[234,643,113],"class_list":{"0":"post-9323","1":"post","2":"type-post","3":"status-publish","4":"format-standard","5":"has-post-thumbnail","7":"category-entitats-i-cultura","8":"category-noticies","9":"tag-anais-vila","10":"tag-enderrock","11":"tag-santpedor"},"_links":{"self":[{"href":"https:\/\/santpedor.net\/radio\/wp-json\/wp\/v2\/posts\/9323","targetHints":{"allow":["GET"]}}],"collection":[{"href":"https:\/\/santpedor.net\/radio\/wp-json\/wp\/v2\/posts"}],"about":[{"href":"https:\/\/santpedor.net\/radio\/wp-json\/wp\/v2\/types\/post"}],"author":[{"embeddable":true,"href":"https:\/\/santpedor.net\/radio\/wp-json\/wp\/v2\/users\/2"}],"replies":[{"embeddable":true,"href":"https:\/\/santpedor.net\/radio\/wp-json\/wp\/v2\/comments?post=9323"}],"version-history":[{"count":0,"href":"https:\/\/santpedor.net\/radio\/wp-json\/wp\/v2\/posts\/9323\/revisions"}],"wp:featuredmedia":[{"embeddable":true,"href":"https:\/\/santpedor.net\/radio\/wp-json\/wp\/v2\/media\/9324"}],"wp:attachment":[{"href":"https:\/\/santpedor.net\/radio\/wp-json\/wp\/v2\/media?parent=9323"}],"wp:term":[{"taxonomy":"category","embeddable":true,"href":"https:\/\/santpedor.net\/radio\/wp-json\/wp\/v2\/categories?post=9323"},{"taxonomy":"post_tag","embeddable":true,"href":"https:\/\/santpedor.net\/radio\/wp-json\/wp\/v2\/tags?post=9323"}],"curies":[{"name":"wp","href":"https:\/\/api.w.org\/{rel}","templated":true}]}}