{"id":9344,"date":"2016-12-08T12:00:57","date_gmt":"2016-12-08T11:00:57","guid":{"rendered":"http:\/\/santpedor.net\/radio\/?p=9344"},"modified":"2016-12-08T18:26:01","modified_gmt":"2016-12-08T17:26:01","slug":"latur-segueix-cen-caiguda-lliure-santpedor","status":"publish","type":"post","link":"https:\/\/santpedor.net\/radio\/latur-segueix-cen-caiguda-lliure-santpedor\/","title":{"rendered":"L&#8217;atur segueix en caiguda lliure a Santpedor"},"content":{"rendered":"<p>Santpedor \u00e9s molt a prop de baixar del llindar de 300 aturats al municipi. Aquest passat mes de novembre hi havia 310 persones desocupades, un nou r\u00e8cord a la baixa des de setembre de 2008, just als inicis de la gran crisi financera que va multiplicar les dades de l&#8217;atur fins a nivells exagerats. \u00c9s una davallda del 2,82% respecte el mes d&#8217;octubre, que encara \u00e9s m\u00e9s contundent si la comparem amb les xifres de fa un any: aleshores hi havia 382 persones desocupades al poble, un 23,22% m\u00e9s que ara.<\/p>\n<p>Aquestes dades posen de manifesten una de les recuperacions en aquest \u00e0mbit econ\u00f2mic m\u00e9s accentuades d&#8217;entre els pobles de la comarca, deixant l&#8217;atur registral (% de persones inscrites com a demandants de feina respecte la poblaci\u00f3 activa estimada) als voltants del 9,6%, a falta de confirmaci\u00f3 en el proper mes.<\/p>\n<p>S\u00f3n dades que ens apropa un mes m\u00e9s l\u2019<a href=\"http:\/\/observatoritreball.gencat.cat\/web\/.content\/generic\/documents\/treball\/estadistica\/atur_comarques_i_municipis__premsa\/2016\/arxius\/Atur_per_municipis_201611.pdf\">Observatori del Treball i el Model Productiu de la Generalitat de Catalunya<\/a>, i que posen de relleu tamb\u00e9 una davallada important de l\u2019atur al Bages, de l,5%. Al conjunt de Catalunya, per\u00f2, les dades no s\u00f3n tant positives, amb un augment de l% de l\u2019atur per un total de 462.979 desocupats al tancament del darrer mes.<\/p>\n","protected":false},"excerpt":{"rendered":"<p>Santpedor \u00e9s molt a prop de baixar del llindar de 300 aturats al municipi. Aquest passat mes de novembre hi havia 310 persones desocupades, un nou r\u00e8cord a la baixa des de setembre de 2008, just als inicis de la gran crisi financera que va multiplicar les dades de l&#8217;atur fins a nivells exagerats. \u00c9s [&hellip;]<\/p>\n","protected":false},"author":6,"featured_media":9345,"comment_status":"open","ping_status":"closed","sticky":false,"template":"","format":"standard","meta":{"footnotes":""},"categories":[3,136],"tags":[45,17,184,651,465,650,113],"class_list":{"0":"post-9344","1":"post","2":"type-post","3":"status-publish","4":"format-standard","5":"has-post-thumbnail","7":"category-noticies","8":"category-politica-i-economia","9":"tag-atur","10":"tag-bages","11":"tag-catalunya","12":"tag-crisi","13":"tag-desocupacio","14":"tag-generalitat-de-catalunya","15":"tag-santpedor"},"_links":{"self":[{"href":"https:\/\/santpedor.net\/radio\/wp-json\/wp\/v2\/posts\/9344","targetHints":{"allow":["GET"]}}],"collection":[{"href":"https:\/\/santpedor.net\/radio\/wp-json\/wp\/v2\/posts"}],"about":[{"href":"https:\/\/santpedor.net\/radio\/wp-json\/wp\/v2\/types\/post"}],"author":[{"embeddable":true,"href":"https:\/\/santpedor.net\/radio\/wp-json\/wp\/v2\/users\/6"}],"replies":[{"embeddable":true,"href":"https:\/\/santpedor.net\/radio\/wp-json\/wp\/v2\/comments?post=9344"}],"version-history":[{"count":0,"href":"https:\/\/santpedor.net\/radio\/wp-json\/wp\/v2\/posts\/9344\/revisions"}],"wp:featuredmedia":[{"embeddable":true,"href":"https:\/\/santpedor.net\/radio\/wp-json\/wp\/v2\/media\/9345"}],"wp:attachment":[{"href":"https:\/\/santpedor.net\/radio\/wp-json\/wp\/v2\/media?parent=9344"}],"wp:term":[{"taxonomy":"category","embeddable":true,"href":"https:\/\/santpedor.net\/radio\/wp-json\/wp\/v2\/categories?post=9344"},{"taxonomy":"post_tag","embeddable":true,"href":"https:\/\/santpedor.net\/radio\/wp-json\/wp\/v2\/tags?post=9344"}],"curies":[{"name":"wp","href":"https:\/\/api.w.org\/{rel}","templated":true}]}}