{"id":9353,"date":"2016-12-15T20:00:55","date_gmt":"2016-12-15T19:00:55","guid":{"rendered":"http:\/\/santpedor.net\/radio\/?p=9353"},"modified":"2016-12-15T20:00:55","modified_gmt":"2016-12-15T19:00:55","slug":"centre-excursionista-2x2-prepara-marxa-peu-bici-recaptar-diners-marato-tv3","status":"publish","type":"post","link":"https:\/\/santpedor.net\/radio\/centre-excursionista-2x2-prepara-marxa-peu-bici-recaptar-diners-marato-tv3\/","title":{"rendered":"El Centre Excursionista 2&#215;2 prepara una marxa, a peu o en bici, per recaptar diners per La Marat\u00f3 de TV3"},"content":{"rendered":"<p>S&#8217;acosta La Marat\u00f3 de TV3, prevista pel proper 18 de desembre, que aquest any pret\u00e9n recaptar fons per investigar l&#8217;ictus i les malalties cerebrals traum\u00e0tiques. A Santpedor no s&#8217;han volgut quedar de bra\u00e7os plegats i des del Centre Excursionista 2&#215;2 s&#8217;organitzar\u00e0 una marxa de 15km, a 5\u20ac el tiquet, per recaptar diners que es destinaran a La Marat\u00f3.<\/p>\n<p>La marxa comen\u00e7ar\u00e0 diumenge 18 de desembre a les 8:30h a la Pla\u00e7a del Sindicat i seguir\u00e0 un tro\u00e7 de PR (petit recorregut) als voltants de Santpedor. Est\u00e0 catalogada de baixa dificultat i des de l&#8217;entitat animen a fer-la ja sigui a peu, corrent o en bicicleta.<\/p>\n<p>Podeu trobar m\u00e9s informaci\u00f3 i el formulari d&#8217;inscripci\u00f3 al web del <a href=\"https:\/\/www.2x2.cat\/2015\/activitats.php?sub=0&amp;id=987\">Centre Excursionista 2&#215;2<\/a>.<\/p>\n","protected":false},"excerpt":{"rendered":"<p>S&#8217;acosta La Marat\u00f3 de TV3, prevista pel proper 18 de desembre, que aquest any pret\u00e9n recaptar fons per investigar l&#8217;ictus i les malalties cerebrals traum\u00e0tiques. A Santpedor no s&#8217;han volgut quedar de bra\u00e7os plegats i des del Centre Excursionista 2&#215;2 s&#8217;organitzar\u00e0 una marxa de 15km, a 5\u20ac el tiquet, per recaptar diners que es destinaran [&hellip;]<\/p>\n","protected":false},"author":6,"featured_media":9354,"comment_status":"open","ping_status":"closed","sticky":false,"template":"","format":"standard","meta":{"footnotes":""},"categories":[225,3,137],"tags":[463,652,94,113],"class_list":{"0":"post-9353","1":"post","2":"type-post","3":"status-publish","4":"format-standard","5":"has-post-thumbnail","7":"category-esports","8":"category-noticies","9":"category-societat","10":"tag-centre-excursionista-2x2","11":"tag-ictus","12":"tag-la-marato-de-3cat","13":"tag-santpedor"},"_links":{"self":[{"href":"https:\/\/santpedor.net\/radio\/wp-json\/wp\/v2\/posts\/9353","targetHints":{"allow":["GET"]}}],"collection":[{"href":"https:\/\/santpedor.net\/radio\/wp-json\/wp\/v2\/posts"}],"about":[{"href":"https:\/\/santpedor.net\/radio\/wp-json\/wp\/v2\/types\/post"}],"author":[{"embeddable":true,"href":"https:\/\/santpedor.net\/radio\/wp-json\/wp\/v2\/users\/6"}],"replies":[{"embeddable":true,"href":"https:\/\/santpedor.net\/radio\/wp-json\/wp\/v2\/comments?post=9353"}],"version-history":[{"count":0,"href":"https:\/\/santpedor.net\/radio\/wp-json\/wp\/v2\/posts\/9353\/revisions"}],"wp:featuredmedia":[{"embeddable":true,"href":"https:\/\/santpedor.net\/radio\/wp-json\/wp\/v2\/media\/9354"}],"wp:attachment":[{"href":"https:\/\/santpedor.net\/radio\/wp-json\/wp\/v2\/media?parent=9353"}],"wp:term":[{"taxonomy":"category","embeddable":true,"href":"https:\/\/santpedor.net\/radio\/wp-json\/wp\/v2\/categories?post=9353"},{"taxonomy":"post_tag","embeddable":true,"href":"https:\/\/santpedor.net\/radio\/wp-json\/wp\/v2\/tags?post=9353"}],"curies":[{"name":"wp","href":"https:\/\/api.w.org\/{rel}","templated":true}]}}