{"id":9356,"date":"2016-12-16T13:37:47","date_gmt":"2016-12-16T12:37:47","guid":{"rendered":"http:\/\/santpedor.net\/radio\/?p=9356"},"modified":"2016-12-16T13:37:47","modified_gmt":"2016-12-16T12:37:47","slug":"lajuntament-santpedor-pressionara-empreses-concertades-perque-paguin-salari-minim-1-071-euros-als-treballadors","status":"publish","type":"post","link":"https:\/\/santpedor.net\/radio\/lajuntament-santpedor-pressionara-empreses-concertades-perque-paguin-salari-minim-1-071-euros-als-treballadors\/","title":{"rendered":"L&#8217;Ajuntament de Santpedor pressionar\u00e0 les empreses concertades perqu\u00e8 paguin un salari m\u00ednim de 1.071 euros als seus treballadors"},"content":{"rendered":"<p>L&#8217;ajuntament de Santpedor vol pujar el salari m\u00ednim dels treballadors de les empreses amb qui concerta serveis, a 1.071 euros. Aix\u00ed es va aprovar al ple del mes passat aquesta proposta de Progr\u00e9s Municipal, que va estipular aquesta xifra despr\u00e9s d&#8217;avaluar-ho a trav\u00e9s d&#8217;estudis amb experts del m\u00f3n laboral i empresarial. Amb aquest topall es pret\u00e9n dotar d&#8217;un m\u00ednim d&#8217;ingressos per assolir un nivell digne de vida, que permeti no haver de renunciar a cap servei o producte b\u00e0sic.<\/p>\n<p>Fina Rodr\u00edguez, portaveu de Progr\u00e9s Municipal, explica aix\u00ed l&#8217;objectiu de la proposta:<\/p>\n<audio class=\"wp-audio-shortcode\" id=\"audio-9356-1\" preload=\"none\" style=\"width: 100%;\" controls=\"controls\"><source type=\"audio\/mpeg\" src=\"http:\/\/santpedor.net\/radio\/wp-content\/uploads\/2016\/12\/T-Fina-Rodr\u00edguez-salari-m\u00ednim.mp3?_=1\" \/><a href=\"http:\/\/santpedor.net\/radio\/wp-content\/uploads\/2016\/12\/T-Fina-Rodr\u00edguez-salari-m\u00ednim.mp3\">http:\/\/santpedor.net\/radio\/wp-content\/uploads\/2016\/12\/T-Fina-Rodr\u00edguez-salari-m\u00ednim.mp3<\/a><\/audio>\n<p>&nbsp;<\/p>\n<p>Actualment a l&#8217;ajuntament ja est\u00e0 establert aquest m\u00ednim per tots els treballadors de totes les \u00e0rees. El seg\u00fcent pas, \u00e9s aconseguir que les empreses amb qui es concerta serveis -per exemple, la resid\u00e8ncia- tamb\u00e9 l&#8217;apliquin. Una tasca dif\u00edcil perqu\u00e8 legalment no se&#8217;ls pot obligar a fixar un salari determinat. La idea que aporta Rodr\u00edguez, per\u00f2, seria bonificar a les empreses que estableixin aquests m\u00ednims salarials o estipular als requeriments del contracte que els respectin, de forma que en fer-ho els puntu\u00ef positivament enfront d&#8217;altres empreses que disputin el mateix servei a concertar.<\/p>\n<p>Podeu consultar aqu\u00ed la moci\u00f3 sencera: <a href=\"http:\/\/santpedor.net\/radio\/wp-content\/uploads\/2016\/12\/mocio-Salari-Minim.docx\">mocio Salari Minim<\/a><\/p>\n","protected":false},"excerpt":{"rendered":"<p>L&#8217;ajuntament de Santpedor vol pujar el salari m\u00ednim dels treballadors de les empreses amb qui concerta serveis, a 1.071 euros. Aix\u00ed es va aprovar al ple del mes passat aquesta proposta de Progr\u00e9s Municipal, que va estipular aquesta xifra despr\u00e9s d&#8217;avaluar-ho a trav\u00e9s d&#8217;estudis amb experts del m\u00f3n laboral i empresarial. Amb aquest topall es [&hellip;]<\/p>\n","protected":false},"author":6,"featured_media":9138,"comment_status":"open","ping_status":"closed","sticky":false,"template":"","format":"standard","meta":{"footnotes":""},"categories":[3,136],"tags":[7,409,600,384,653,113],"class_list":{"0":"post-9356","1":"post","2":"type-post","3":"status-publish","4":"format-standard","5":"has-post-thumbnail","7":"category-noticies","8":"category-politica-i-economia","9":"tag-ajuntament","10":"tag-ple-municipal","11":"tag-pm","12":"tag-progres-municipal","13":"tag-salari-minim","14":"tag-santpedor"},"_links":{"self":[{"href":"https:\/\/santpedor.net\/radio\/wp-json\/wp\/v2\/posts\/9356","targetHints":{"allow":["GET"]}}],"collection":[{"href":"https:\/\/santpedor.net\/radio\/wp-json\/wp\/v2\/posts"}],"about":[{"href":"https:\/\/santpedor.net\/radio\/wp-json\/wp\/v2\/types\/post"}],"author":[{"embeddable":true,"href":"https:\/\/santpedor.net\/radio\/wp-json\/wp\/v2\/users\/6"}],"replies":[{"embeddable":true,"href":"https:\/\/santpedor.net\/radio\/wp-json\/wp\/v2\/comments?post=9356"}],"version-history":[{"count":0,"href":"https:\/\/santpedor.net\/radio\/wp-json\/wp\/v2\/posts\/9356\/revisions"}],"wp:featuredmedia":[{"embeddable":true,"href":"https:\/\/santpedor.net\/radio\/wp-json\/wp\/v2\/media\/9138"}],"wp:attachment":[{"href":"https:\/\/santpedor.net\/radio\/wp-json\/wp\/v2\/media?parent=9356"}],"wp:term":[{"taxonomy":"category","embeddable":true,"href":"https:\/\/santpedor.net\/radio\/wp-json\/wp\/v2\/categories?post=9356"},{"taxonomy":"post_tag","embeddable":true,"href":"https:\/\/santpedor.net\/radio\/wp-json\/wp\/v2\/tags?post=9356"}],"curies":[{"name":"wp","href":"https:\/\/api.w.org\/{rel}","templated":true}]}}