{"id":9359,"date":"2016-12-16T12:07:39","date_gmt":"2016-12-16T11:07:39","guid":{"rendered":"http:\/\/santpedor.net\/radio\/?p=9359"},"modified":"2016-12-16T12:07:39","modified_gmt":"2016-12-16T11:07:39","slug":"santpedor-modifica-poum-amplia-distancia-relativa-dampliacio-granges-15-40-metres","status":"publish","type":"post","link":"https:\/\/santpedor.net\/radio\/santpedor-modifica-poum-amplia-distancia-relativa-dampliacio-granges-15-40-metres\/","title":{"rendered":"Santpedor modifica el POUM i amplia la dist\u00e0ncia relativa d&#8217;ampliaci\u00f3 de les granges de 15 a 40 metres"},"content":{"rendered":"<p>El ple de l\u2019Ajuntament de Santpedor va aprovar dimarts al vespre la primera modificaci\u00f3 puntual del Pla d\u2019Ordenaci\u00f3 Urbana Municipal que va veure llum verda el 2013. El POUM regula la planificaci\u00f3 urbana d\u2019un municipi i fins fa 3 anys, quan se\u2019n va aprovar el nou, es treballava amb la planificaci\u00f3 antiga que datava del 1986.<\/p>\n<p>La modificaci\u00f3 en q\u00fcesti\u00f3 fa refer\u00e8ncia a la dist\u00e0ncia relativa al qu\u00e8 les granges poden ampliar en relaci\u00f3 al sistema hidr\u00e0ulic. Al POUM l&#8217;ajuntament havia estipulat que f\u00f3ssin 15 metres, tenint en compte que es tracta de s\u00f2l no urbanitzable i per tal que no es generin futurs problemes de connectivitat. La Oficina T\u00e8cnica d&#8217;Avaluaci\u00f3 Ambiental de la Catalunya Central, per\u00f2, va emetre un informe desfavorable en aquest punt. Un informe t\u00e8cnic que va arribar tard, per\u00f2 al qual l&#8217;ajuntament va donar resposta amb una al\u00b7legaci\u00f3 que finalment ha estat acceptada i que deixa el llindar de metres d&#8217;ampliaci\u00f3 possibles en 40 metres. Ho explica el regidor de Medi Ambient, Josep Illa, que assegura que la xifra final garanteix un creixement sostenible de les granges i la qualitat paissatg\u00edstica.<\/p>\n<audio class=\"wp-audio-shortcode\" id=\"audio-9359-1\" preload=\"none\" style=\"width: 100%;\" controls=\"controls\"><source type=\"audio\/mpeg\" src=\"http:\/\/santpedor.net\/radio\/wp-content\/uploads\/2016\/12\/T-Josep-Illa-modifaici\u00f3-POUM-1.mp3?_=1\" \/><a href=\"http:\/\/santpedor.net\/radio\/wp-content\/uploads\/2016\/12\/T-Josep-Illa-modifaici\u00f3-POUM-1.mp3\">http:\/\/santpedor.net\/radio\/wp-content\/uploads\/2016\/12\/T-Josep-Illa-modifaici\u00f3-POUM-1.mp3<\/a><\/audio>\n<p>&nbsp;<\/p>\n<p>El proc\u00e9s, un cop s\u2019ha aprovat a Santpedor, no est\u00e0 tancat ja que en mat\u00e8ria de planejament urban\u00edstic l\u2019aprovaci\u00f3 definitiva l\u2019ha de donar la Comissi\u00f3 Territorial d\u2019Urbanisme de la Catalunya Central de la Generalitat de Catalunya. Aquesta modificaci\u00f3 puntual es va aprovar amb 11 vots a favor (ERC i CiU) i 2 abstencions (PM).<\/p>\n<p>A m\u00e9s del POUM, en el darrer ple ordinari de l\u2019any tamb\u00e9 es va aprovar definitivament les ordenances que regulen les terrasses que ocupen la via p\u00fablica. En aquest sentit b\u00e0sicament es va incidir en mantenir els horaris establerts fins ara atenent les al\u00b7legacions que s\u2019havien presentat a la proposta de modificar aquests i nom\u00e9s es podran modificar quan hi hagi esdeveniments especials i pr\u00e8via petici\u00f3 a l\u2019Ajuntament. En aquest cas el dictamen es va aprovar amb 11 vots a favor (ERC i CiU) i 2 abstencions (PM). Un altre aspecte que es va tractar \u00e9s la modificaci\u00f3 de l\u2019abast de funcions amb la Diputaci\u00f3 de Barcelona de determinats ingressos de dret p\u00fablic de l\u2019ajuntament de Santpedor, en concret els que fan refer\u00e8ncia a la taxa per prestaci\u00f3 dels serveis de cementiri, dictamen que es va aprovar per unanimitat.<\/p>\n","protected":false},"excerpt":{"rendered":"<p>El ple de l\u2019Ajuntament de Santpedor va aprovar dimarts al vespre la primera modificaci\u00f3 puntual del Pla d\u2019Ordenaci\u00f3 Urbana Municipal que va veure llum verda el 2013. El POUM regula la planificaci\u00f3 urbana d\u2019un municipi i fins fa 3 anys, quan se\u2019n va aprovar el nou, es treballava amb la planificaci\u00f3 antiga que datava del [&hellip;]<\/p>\n","protected":false},"author":6,"featured_media":9362,"comment_status":"open","ping_status":"closed","sticky":false,"template":"","format":"standard","meta":{"footnotes":""},"categories":[3,136],"tags":[7,654,409,655,113],"class_list":{"0":"post-9359","1":"post","2":"type-post","3":"status-publish","4":"format-standard","5":"has-post-thumbnail","7":"category-noticies","8":"category-politica-i-economia","9":"tag-ajuntament","10":"tag-granges","11":"tag-ple-municipal","12":"tag-poum","13":"tag-santpedor"},"_links":{"self":[{"href":"https:\/\/santpedor.net\/radio\/wp-json\/wp\/v2\/posts\/9359","targetHints":{"allow":["GET"]}}],"collection":[{"href":"https:\/\/santpedor.net\/radio\/wp-json\/wp\/v2\/posts"}],"about":[{"href":"https:\/\/santpedor.net\/radio\/wp-json\/wp\/v2\/types\/post"}],"author":[{"embeddable":true,"href":"https:\/\/santpedor.net\/radio\/wp-json\/wp\/v2\/users\/6"}],"replies":[{"embeddable":true,"href":"https:\/\/santpedor.net\/radio\/wp-json\/wp\/v2\/comments?post=9359"}],"version-history":[{"count":0,"href":"https:\/\/santpedor.net\/radio\/wp-json\/wp\/v2\/posts\/9359\/revisions"}],"wp:featuredmedia":[{"embeddable":true,"href":"https:\/\/santpedor.net\/radio\/wp-json\/wp\/v2\/media\/9362"}],"wp:attachment":[{"href":"https:\/\/santpedor.net\/radio\/wp-json\/wp\/v2\/media?parent=9359"}],"wp:term":[{"taxonomy":"category","embeddable":true,"href":"https:\/\/santpedor.net\/radio\/wp-json\/wp\/v2\/categories?post=9359"},{"taxonomy":"post_tag","embeddable":true,"href":"https:\/\/santpedor.net\/radio\/wp-json\/wp\/v2\/tags?post=9359"}],"curies":[{"name":"wp","href":"https:\/\/api.w.org\/{rel}","templated":true}]}}