{"id":9366,"date":"2016-12-16T13:41:59","date_gmt":"2016-12-16T12:41:59","guid":{"rendered":"http:\/\/santpedor.net\/radio\/?p=9366"},"modified":"2016-12-16T13:41:59","modified_gmt":"2016-12-16T12:41:59","slug":"codina-explica-10-anys-consell-dinfants-santpedor-simposi-internacional-caixa-forum","status":"publish","type":"post","link":"https:\/\/santpedor.net\/radio\/codina-explica-10-anys-consell-dinfants-santpedor-simposi-internacional-caixa-forum\/","title":{"rendered":"Codina explica 10 anys de Consell d\u2019Infants de Santpedor al simposi internacional del Caixa F\u00f2rum"},"content":{"rendered":"<p class=\"ecxMsoNormal\">REDACCI\u00d3 | <span class=\"ecxhps\">Santpedor, 15 de desembre de 2016.- Explicar la participaci\u00f3 dels nens de Santpedor al Consell d\u2019Infants del poble durant els deu anys d\u2019exist\u00e8ncia d\u2019aquest \u00f2rgan participatiu ha estat l\u2019eix de la intervenci\u00f3 de l\u2019alcalde de Santpedor, Xavier Codina, al simposi internacional que durant dos dies, ahir i avui s\u2019ha fet al Caixa F\u00f2rum. Codina ha participat a la taula rodona que portava per t\u00edtol <\/span>\u201cGovern, inf\u00e0ncia i ciutat. Potencialitats i reptes\u201d dins del Simposi Internacional Infants i participaci\u00f3 pol\u00edtica. Els consells d\u2019infants (13 i 14 de desembre).<\/p>\n<p class=\"ecxMsoNormal\">La taula en qu\u00e8 Codina va compartir espai amb alcaldes de Figueres, Sant Boi de Llobregat, Sant Feliu de Llobregat i Badalona es va desenvolupar al voltant de cinc preguntes del moderador, \u00c0ngel Merino, com s\u00f3n la relaci\u00f3 entre govern, inf\u00e0ncia i ciutat; el que per a cadascun dels municipis \u00e9s el consell d\u2019infants, les millores que aquests\u00a0 consells han plantejat i la transcend\u00e8ncia que la seva participaci\u00f3 ha suposat per al municipi.<\/p>\n<p class=\"ecxMsoNormal\">En aquest sentit, el consell d\u2019infants a Santpedor, en els seus 10 anys d\u2019exist\u00e8ncia, ha perm\u00e8s als nens del municipi treballar un aspecte concret en cada ocasi\u00f3. Gr\u00e0cies a les seves aportacions, a Santpedor s\u2019han emp\u00e8s algunes de les seves propostes com per exemple la creaci\u00f3 d\u2019un carril bici al poble, una campanya de sensibilitzaci\u00f3 per a la recollida d\u2019excrements de gossos i altres coses com per exemple instal\u00b7lar una taula de ping pong o una zona de skate als parcs del municipi. Santpedor va ser un dels municipis pioners del Bages amb un consell\u00a0 i es renova cada any amb nous membres. El consell a m\u00e9s dels projectes que desenvolupa tamb\u00e9 participa en la festa major i en diverses accions solid\u00e0ries i de consci\u00e8ncia com \u00e9s el cas dels actes organitzats contra la viol\u00e8ncia de g\u00e8nere i del dia internacional dels drets dels infants.<\/p>\n","protected":false},"excerpt":{"rendered":"<p>REDACCI\u00d3 | Santpedor, 15 de desembre de 2016.- Explicar la participaci\u00f3 dels nens de Santpedor al Consell d\u2019Infants del poble durant els deu anys d\u2019exist\u00e8ncia d\u2019aquest \u00f2rgan participatiu ha estat l\u2019eix de la intervenci\u00f3 de l\u2019alcalde de Santpedor, Xavier Codina, al simposi internacional que durant dos dies, ahir i avui s\u2019ha fet al Caixa F\u00f2rum. [&hellip;]<\/p>\n","protected":false},"author":6,"featured_media":9367,"comment_status":"open","ping_status":"closed","sticky":false,"template":"","format":"standard","meta":{"footnotes":""},"categories":[3,137],"tags":[657,656,113,20],"class_list":{"0":"post-9366","1":"post","2":"type-post","3":"status-publish","4":"format-standard","5":"has-post-thumbnail","7":"category-noticies","8":"category-societat","9":"tag-caixa-forum","10":"tag-consell-dinfants","11":"tag-santpedor","12":"tag-xavier-codina"},"_links":{"self":[{"href":"https:\/\/santpedor.net\/radio\/wp-json\/wp\/v2\/posts\/9366","targetHints":{"allow":["GET"]}}],"collection":[{"href":"https:\/\/santpedor.net\/radio\/wp-json\/wp\/v2\/posts"}],"about":[{"href":"https:\/\/santpedor.net\/radio\/wp-json\/wp\/v2\/types\/post"}],"author":[{"embeddable":true,"href":"https:\/\/santpedor.net\/radio\/wp-json\/wp\/v2\/users\/6"}],"replies":[{"embeddable":true,"href":"https:\/\/santpedor.net\/radio\/wp-json\/wp\/v2\/comments?post=9366"}],"version-history":[{"count":0,"href":"https:\/\/santpedor.net\/radio\/wp-json\/wp\/v2\/posts\/9366\/revisions"}],"wp:featuredmedia":[{"embeddable":true,"href":"https:\/\/santpedor.net\/radio\/wp-json\/wp\/v2\/media\/9367"}],"wp:attachment":[{"href":"https:\/\/santpedor.net\/radio\/wp-json\/wp\/v2\/media?parent=9366"}],"wp:term":[{"taxonomy":"category","embeddable":true,"href":"https:\/\/santpedor.net\/radio\/wp-json\/wp\/v2\/categories?post=9366"},{"taxonomy":"post_tag","embeddable":true,"href":"https:\/\/santpedor.net\/radio\/wp-json\/wp\/v2\/tags?post=9366"}],"curies":[{"name":"wp","href":"https:\/\/api.w.org\/{rel}","templated":true}]}}