{"id":9380,"date":"2016-12-18T20:31:10","date_gmt":"2016-12-18T19:31:10","guid":{"rendered":"http:\/\/santpedor.net\/radio\/?p=9380"},"modified":"2016-12-19T14:21:22","modified_gmt":"2016-12-19T13:21:22","slug":"haurem-dacostumar-soroll-dels-avions","status":"publish","type":"post","link":"https:\/\/santpedor.net\/radio\/haurem-dacostumar-soroll-dels-avions\/","title":{"rendered":"Ens haurem d\u2019acostumar al soroll dels avions?"},"content":{"rendered":"<p>Ja fa un mes, al novembre, que la Generalitat va aprovar el pla director de l\u2019aer\u00f2drom de Sant Fruit\u00f3s de Bages, que crea una zona d\u2019exclusi\u00f3 de 600 metres d\u2019al\u00e7\u00e0ria pels avions que sobrevolin Santpedor, per\u00f2 encara els sentim els caps de setmana pels carrers del poble o a les cases. Aquest soroll desapareixer\u00e0 o formar\u00e0 part de les nostres vides? \u00c9s la pregunta que hem plantejat al <em><strong>Pla\u00e7a Gran<\/strong><\/em> d\u2019aquest desembre al regidor d\u2019Urbanisme i Medi Ambient, <strong>Josep Illa<\/strong>, al secretari d\u2019Infraestructures i Mobilitat de la Generalitat, <strong>Ricard Font<\/strong>, i al responsable de l\u2019empresa <strong>SkydiveBCN<\/strong>, que opera a l\u2019aer\u00f2drom, Hern\u00e1n Altamores.<\/p>\n<p>Illa\u00a0ha explicat la negociaci\u00f3 que hi va haver amb la Generalitat per modificar les traject\u00f2ries dels avions i generar un radi d\u2019exclusi\u00f3 de 2.000 peus que cobreix el nucli urb\u00e0 de Santpedor i el Mirador de Montserrat, i els aiguamolls de la B\u00f2bila. El govern\u00a0assegura que el nou pla director compleix la normativa del soroll i que vigilar\u00e0 que es respectin els l\u00edmits. L\u2019Ajuntament de Santpedor reconeix que el soroll no podr\u00e0 desapar\u00e8ixer mai del tot per\u00f2 el regidor de Medi Ambient es compromet a controlar de prop la infraestructura i convida als santpedorencs que tinguin mol\u00e8sties a fer-les arribar a l\u2019Ajuntament. L\u2019empresa de salt amb paracaigudes diu que s\u00f3n sensibles a les demandes que els fan dels municipis per intentar tenir el m\u00ednim impacte.<\/p>\n<p>En el programa tamb\u00e9 vam parlar de l\u2019\u00faltim ple ordinari de l\u2019any, que ha retocat la primera modificaci\u00f3 del Pla d\u2019Ordenaci\u00f3 Urban\u00edstica i ha aprovat definitivament la normativa de les terrasses.<\/p>\n<p><iframe id='audio_15132190' frameborder='0' allowfullscreen='' scrolling='no' height='200' src='http:\/\/www.ivoox.com\/player_ej_15132190_4_1.html?c1=828282' style='border:1px solid #EEE; box-sizing:border-box; width:100%;'><\/iframe><\/p>\n","protected":false},"excerpt":{"rendered":"<p>Ja fa un mes, al novembre, que la Generalitat va aprovar el pla director de l\u2019aer\u00f2drom de Sant Fruit\u00f3s de Bages, que crea una zona d\u2019exclusi\u00f3 de 600 metres d\u2019al\u00e7\u00e0ria pels avions que sobrevolin Santpedor, per\u00f2 encara els sentim els caps de setmana pels carrers del poble o a les cases. Aquest soroll desapareixer\u00e0 o [&hellip;]<\/p>\n","protected":false},"author":4,"featured_media":9382,"comment_status":"open","ping_status":"closed","sticky":false,"template":"","format":"standard","meta":{"footnotes":""},"categories":[356,535],"tags":[339,601,7,662,603,113],"class_list":{"0":"post-9380","1":"post","2":"type-post","3":"status-publish","4":"format-standard","5":"has-post-thumbnail","7":"category-placa-gran","8":"category-programes","9":"tag-aerodrom","10":"tag-aerodrom-de-sant-fruitos-de-bages","11":"tag-ajuntament","12":"tag-avions","13":"tag-pla-director-urbanistic-aeroportuari","14":"tag-santpedor"},"_links":{"self":[{"href":"https:\/\/santpedor.net\/radio\/wp-json\/wp\/v2\/posts\/9380","targetHints":{"allow":["GET"]}}],"collection":[{"href":"https:\/\/santpedor.net\/radio\/wp-json\/wp\/v2\/posts"}],"about":[{"href":"https:\/\/santpedor.net\/radio\/wp-json\/wp\/v2\/types\/post"}],"author":[{"embeddable":true,"href":"https:\/\/santpedor.net\/radio\/wp-json\/wp\/v2\/users\/4"}],"replies":[{"embeddable":true,"href":"https:\/\/santpedor.net\/radio\/wp-json\/wp\/v2\/comments?post=9380"}],"version-history":[{"count":0,"href":"https:\/\/santpedor.net\/radio\/wp-json\/wp\/v2\/posts\/9380\/revisions"}],"wp:featuredmedia":[{"embeddable":true,"href":"https:\/\/santpedor.net\/radio\/wp-json\/wp\/v2\/media\/9382"}],"wp:attachment":[{"href":"https:\/\/santpedor.net\/radio\/wp-json\/wp\/v2\/media?parent=9380"}],"wp:term":[{"taxonomy":"category","embeddable":true,"href":"https:\/\/santpedor.net\/radio\/wp-json\/wp\/v2\/categories?post=9380"},{"taxonomy":"post_tag","embeddable":true,"href":"https:\/\/santpedor.net\/radio\/wp-json\/wp\/v2\/tags?post=9380"}],"curies":[{"name":"wp","href":"https:\/\/api.w.org\/{rel}","templated":true}]}}