{"id":9396,"date":"2016-12-19T18:13:38","date_gmt":"2016-12-19T17:13:38","guid":{"rendered":"http:\/\/santpedor.net\/radio\/?p=9396"},"modified":"2016-12-19T18:13:38","modified_gmt":"2016-12-19T17:13:38","slug":"coral-escriny-camerata-bacasis-interpretaran-messies-santpedor-2","status":"publish","type":"post","link":"https:\/\/santpedor.net\/radio\/coral-escriny-camerata-bacasis-interpretaran-messies-santpedor-2\/","title":{"rendered":"La Coral Escriny i Camerata Bacasis interpretaran \u00abEl Messies\u00bb a Santpedor"},"content":{"rendered":"<p><span style=\"background-color: #000000;\"><\/span><\/p>\n<p>REDACCI\u00d3 |&#8221;El Messies&#8221; de H\u00e4ndel, una de les obres musicals m\u00e9s conegudes del repertori cl\u00e0ssic, protagonitzar\u00e0 els dos concerts nadalencs que la Coral Escriny de Santpedor i l&#8217;orquestra de cambra bagenca Camerata Bacasis oferiran a l&#8217;Auditori del Convent (Santpedor), sota la direcci\u00f3 de Marc Reguant.<\/p>\n<p>El programa de concert estar\u00e0 format \u00edntegrament per una selecci\u00f3 d&#8217;algunes de les peces m\u00e9s destacades d&#8217;aquest oratori, una obra mestra de la m\u00fasica barroca que gaudeix d&#8217;una gran popularitat arreu del m\u00f3n. La interpretaci\u00f3 d&#8221;El Messies&#8221; representa un nou repte per a la Coral Escriny, consolidant la l\u00ednia de creixement i exig\u00e8ncia musical d&#8217;aquests darrers anys.<\/p>\n<p>Els dos concerts tindran lloc el diumenge 25 de desembre a les deu del vespre -amb les entrades ja exhaurides- i el diumenge 8 de gener, a les set de la tarda. A m\u00e9s de la Coral Escriny i Camerata Bacasis, hi participaran els solistes Marisa Badia, Elisabet Casanovas, L\u00eddia Mallofr\u00e9, Eli Ruz i \u00c0ngels Tatj\u00e9 (sopranos); Martina Ribalta i Anna Vilageliu, (contralts) i Llu\u00eds Calvet (baix).<\/p>\n<p>L&#8217;aforament m\u00e0xim de l&#8217;Auditori del Convent \u00e9s de 240 persones. Les entrades anticipades es poden adquirir a les llibreries L&#8217;Horitz\u00f3 i Timbaler de Santpedor.<\/p>\n<p>L&#8217;organitzaci\u00f3 del concert \u00e9s a c\u00e0rrec de la mateixa Coral Escriny, amb el suport de l&#8217;Ajuntament de Santpedor i les firmes comercials Tadipol, Internitco Comer\u00e7, M\u00fatuacat, Presaba i Ca la Rosina.<\/p>\n<p>A m\u00e9s d&#8217;aquestes dues actuacions programades al municipi bagenc, amb motiu de les festes nadalenques, la Coral Escriny i Camerata Bacasis tamb\u00e9 interpretaran &#8220;El Messies&#8221; a Girona, en un concert que tindr\u00e0 lloc el divendres 30 de desembre, a dos quarts de vuit del vespre, a la bas\u00edlica g\u00f2tica de Sant Feliu, un dels edificis religiosos m\u00e9s representatius de la ciutat.<\/p>\n","protected":false},"excerpt":{"rendered":"<p>REDACCI\u00d3 |&#8221;El Messies&#8221; de H\u00e4ndel, una de les obres musicals m\u00e9s conegudes del repertori cl\u00e0ssic, protagonitzar\u00e0 els dos concerts nadalencs que la Coral Escriny de Santpedor i l&#8217;orquestra de cambra bagenca Camerata Bacasis oferiran a l&#8217;Auditori del Convent (Santpedor), sota la direcci\u00f3 de Marc Reguant. El programa de concert estar\u00e0 format \u00edntegrament per una selecci\u00f3 [&hellip;]<\/p>\n","protected":false},"author":2,"featured_media":9397,"comment_status":"open","ping_status":"closed","sticky":false,"template":"","format":"standard","meta":{"footnotes":""},"categories":[236,3],"tags":[209,472,113],"class_list":{"0":"post-9396","1":"post","2":"type-post","3":"status-publish","4":"format-standard","5":"has-post-thumbnail","7":"category-entitats-i-cultura","8":"category-noticies","9":"tag-auditori-convent-de-sant-francesc","10":"tag-coral-escriny","11":"tag-santpedor"},"_links":{"self":[{"href":"https:\/\/santpedor.net\/radio\/wp-json\/wp\/v2\/posts\/9396","targetHints":{"allow":["GET"]}}],"collection":[{"href":"https:\/\/santpedor.net\/radio\/wp-json\/wp\/v2\/posts"}],"about":[{"href":"https:\/\/santpedor.net\/radio\/wp-json\/wp\/v2\/types\/post"}],"author":[{"embeddable":true,"href":"https:\/\/santpedor.net\/radio\/wp-json\/wp\/v2\/users\/2"}],"replies":[{"embeddable":true,"href":"https:\/\/santpedor.net\/radio\/wp-json\/wp\/v2\/comments?post=9396"}],"version-history":[{"count":0,"href":"https:\/\/santpedor.net\/radio\/wp-json\/wp\/v2\/posts\/9396\/revisions"}],"wp:featuredmedia":[{"embeddable":true,"href":"https:\/\/santpedor.net\/radio\/wp-json\/wp\/v2\/media\/9397"}],"wp:attachment":[{"href":"https:\/\/santpedor.net\/radio\/wp-json\/wp\/v2\/media?parent=9396"}],"wp:term":[{"taxonomy":"category","embeddable":true,"href":"https:\/\/santpedor.net\/radio\/wp-json\/wp\/v2\/categories?post=9396"},{"taxonomy":"post_tag","embeddable":true,"href":"https:\/\/santpedor.net\/radio\/wp-json\/wp\/v2\/tags?post=9396"}],"curies":[{"name":"wp","href":"https:\/\/api.w.org\/{rel}","templated":true}]}}