{"id":9400,"date":"2016-12-20T14:35:10","date_gmt":"2016-12-20T13:35:10","guid":{"rendered":"http:\/\/santpedor.net\/radio\/?p=9400"},"modified":"2016-12-20T14:39:34","modified_gmt":"2016-12-20T13:39:34","slug":"pessebre-vivent-santpedor-canvia-recorregut-recupera-escena","status":"publish","type":"post","link":"https:\/\/santpedor.net\/radio\/pessebre-vivent-santpedor-canvia-recorregut-recupera-escena\/","title":{"rendered":"El Pessebre Vivent de Santpedor canvia de recorregut i recupera una escena"},"content":{"rendered":"<p>REDACCI\u00d3 | Des de fa 3 anys l\u2019Esplai GEPS de Santpedor juntament amb algunes persones del poble organitzen el Pesebre Vivent de Santpedor, ja que l\u2019antiga comissi\u00f3 \u00e9s va disoldre i es va considerar que no es podia perdre un dels actes m\u00e9s importants i m\u00e9s antics del poble.<\/p>\n<p>El primer any amb molt poc temps van organitzar el Pessebre a la Pla\u00e7a Gran amb 5 escenes. L\u2019any passat van voler recuperar el recorregut i van fer fins a 9 escenes amb l\u2019ajuda de l\u2019AMPA de l\u2019Escola Riu d\u2019Or que va muntar dues escenas. Enguany amb la col\u00b7laboraci\u00f3 de l\u2019AMPA de l\u2019Escola Riu d\u2019Or que torna a participar montant-ne dues i l\u2019AMPA de l\u2019Escola Llisach de Santpedor que engunay en far\u00e0 una. D\u2019aquesta manera intenten cada any fer cr\u00e8ixer el Pessebre Vivent de Santpedor. Ten\u00eden pensat recuperar l\u2019escena de les rentadores per\u00f2 no ha sigut possible. Aquest any tamb\u00e9 s\u2019hi podr\u00e0 veure en algun rac\u00f3 el caganer.<\/p>\n<p>Es celebrar\u00e0 el dia de Nadal i Sant Esteve de 7 de la tarda a 2\/4 de 9 del vespre. Hi haur\u00e0 10 escenes que es repartiran entre 7 cases del nucli antic i 3 al carrer del nucli. L&#8217;entrada \u00e9s gratu\u00efta. Al finalitzar el reccoregut hi haur\u00e0 botifarrada i caldo per a tothom. Comprant els tiquets anticipats costa 3,50\u20ac (entrep\u00e0, beguda, i caldo) i en els mateixos dies 4\u20ac. Els tiquets anticipats es poden comprar al forn de pa de la Pla\u00e7a Gran (Cal Tar\u00f3) o a la Llibreria de la pla\u00e7a de l\u2019esgl\u00e9sia (Horitz\u00f3).<\/p>\n","protected":false},"excerpt":{"rendered":"<p>REDACCI\u00d3 | Des de fa 3 anys l\u2019Esplai GEPS de Santpedor juntament amb algunes persones del poble organitzen el Pesebre Vivent de Santpedor, ja que l\u2019antiga comissi\u00f3 \u00e9s va disoldre i es va considerar que no es podia perdre un dels actes m\u00e9s importants i m\u00e9s antics del poble. El primer any amb molt poc [&hellip;]<\/p>\n","protected":false},"author":2,"featured_media":9402,"comment_status":"open","ping_status":"closed","sticky":false,"template":"","format":"standard","meta":{"footnotes":""},"categories":[236,3],"tags":[289,291,290,113],"class_list":{"0":"post-9400","1":"post","2":"type-post","3":"status-publish","4":"format-standard","5":"has-post-thumbnail","7":"category-entitats-i-cultura","8":"category-noticies","9":"tag-esplai-geps","10":"tag-nadal","11":"tag-pessebre-vivent","12":"tag-santpedor"},"_links":{"self":[{"href":"https:\/\/santpedor.net\/radio\/wp-json\/wp\/v2\/posts\/9400","targetHints":{"allow":["GET"]}}],"collection":[{"href":"https:\/\/santpedor.net\/radio\/wp-json\/wp\/v2\/posts"}],"about":[{"href":"https:\/\/santpedor.net\/radio\/wp-json\/wp\/v2\/types\/post"}],"author":[{"embeddable":true,"href":"https:\/\/santpedor.net\/radio\/wp-json\/wp\/v2\/users\/2"}],"replies":[{"embeddable":true,"href":"https:\/\/santpedor.net\/radio\/wp-json\/wp\/v2\/comments?post=9400"}],"version-history":[{"count":0,"href":"https:\/\/santpedor.net\/radio\/wp-json\/wp\/v2\/posts\/9400\/revisions"}],"wp:featuredmedia":[{"embeddable":true,"href":"https:\/\/santpedor.net\/radio\/wp-json\/wp\/v2\/media\/9402"}],"wp:attachment":[{"href":"https:\/\/santpedor.net\/radio\/wp-json\/wp\/v2\/media?parent=9400"}],"wp:term":[{"taxonomy":"category","embeddable":true,"href":"https:\/\/santpedor.net\/radio\/wp-json\/wp\/v2\/categories?post=9400"},{"taxonomy":"post_tag","embeddable":true,"href":"https:\/\/santpedor.net\/radio\/wp-json\/wp\/v2\/tags?post=9400"}],"curies":[{"name":"wp","href":"https:\/\/api.w.org\/{rel}","templated":true}]}}