{"id":9411,"date":"2016-12-20T19:42:49","date_gmt":"2016-12-20T18:42:49","guid":{"rendered":"http:\/\/santpedor.net\/radio\/?p=9411"},"modified":"2016-12-20T23:49:09","modified_gmt":"2016-12-20T22:49:09","slug":"carretera-manresa-santpedor-vuitena-mes-perillosa-pais-2","status":"publish","type":"post","link":"https:\/\/santpedor.net\/radio\/carretera-manresa-santpedor-vuitena-mes-perillosa-pais-2\/","title":{"rendered":"La carretera de Manresa a Santpedor \u00e9s la vuitena m\u00e9s perillosa del pa\u00eds"},"content":{"rendered":"<p>La BV-4511, o carretera de Manresa, que connecta la capital del Bages amb el municipi de Santpedor passant per Pineda de Bages, s\u2019ha colat aquest any dins el r\u00e0nquing de les 10 carreteres amb m\u00e9s risc de patir un accident de tot Catalunya. Aix\u00ed ho indica un estudi fet per EuroRAP, que ha presentat el RACC, i que apunta que la carretera de Manresa hi ha una mitjana anual de 1,3 accidents mortals i greus.<\/p>\n<p>A m\u00e9s de la BV-4511 -que \u00e9s la \u00fanica del Bages a la llista-, a la llista s\u2019hi troben carreteres com la C-1415A, de Terrassa a Sentmenat -4a posici\u00f3-, la la B-502 de Vilassar de Mar a Argentona -3era-, o la BP-1417, de Barcelona a Sant Cugat del Vall\u00e8s, que amb una mitjana de 5 accidents mortals greus a l\u2019any \u00e9s la m\u00e9s perillosa de tot Catalunya.<\/p>\n<p>L\u2019ajuntament de Santpedor veu aix\u00ed encara m\u00e9s legitimada la reclamaci\u00f3 que 3 mesos enrere l\u2019alcalde, Xavier Codina, i la Delegada del Govern, Laura Vilagr\u00e0, van fer a la Generalitat per abordar el problema i reclamar millores. En aquesta l\u00ednia, precisament, s\u2019est\u00e0 avan\u00e7ant pel qu\u00e8 fa al desenvolupament del carril bici que ha d\u2019unir els dos municipis en paral\u00b7lel a la BV-4511.<\/p>\n<p><strong>EuroRAP<\/strong><\/p>\n<p>La xarxa analitzada per EuroRAP consisteix en 6.356 Km de carreteres (interurbanes i travesseres) que representa el 52% del total de la xarxa vi\u00e0ria catalana (12.141 Km), que es divideix en 425 trams, on hi ha el 90% de la mobilitat total en carretera de Catalunya, i on hi passen el 74% d\u2019accidents amb morts i ferits greus.<\/p>\n<p>Per obtenir aquests resultats, per\u00f2, l\u2019an\u00e0lisi, que compte tots els accidents greus i mortals dels \u00faltims tres anys, nom\u00e9s ha tingut en compte els trams que tenen una IMD<br \/>\n(quantitat de vehicles que circulen cada dia per un tram) superior a 5.000 vehicles\/dia;<br \/>\naquells trams on almenys hi ha hagut un accident amb morts o ferits greus en els \u00faltims dos anys i els que la seva longitud \u00e9s superior a 5 Km. D\u2019aquest filtratge s\u2019obt\u00e9 una selecci\u00f3 de 213 trams (3.313 km), on t\u00e9 lloc el 79,3 % de la mobilitat total i el 55% dels accidents mortals i greus en carretera de tot Catalunya.<\/p>\n<p><img loading=\"lazy\" decoding=\"async\" class=\"alignnone size-full wp-image-9412\" src=\"http:\/\/santpedor.net\/radio\/wp-content\/uploads\/2016\/12\/carreteres-m\u00e9s-perilloses-2.jpg\" alt=\"\" width=\"1024\" height=\"516\" srcset=\"https:\/\/santpedor.net\/radio\/wp-content\/uploads\/2016\/12\/carreteres-m\u00e9s-perilloses-2.jpg 1024w, https:\/\/santpedor.net\/radio\/wp-content\/uploads\/2016\/12\/carreteres-m\u00e9s-perilloses-2-300x151.jpg 300w, https:\/\/santpedor.net\/radio\/wp-content\/uploads\/2016\/12\/carreteres-m\u00e9s-perilloses-2-768x387.jpg 768w, https:\/\/santpedor.net\/radio\/wp-content\/uploads\/2016\/12\/carreteres-m\u00e9s-perilloses-2-696x351.jpg 696w, https:\/\/santpedor.net\/radio\/wp-content\/uploads\/2016\/12\/carreteres-m\u00e9s-perilloses-2-833x420.jpg 833w\" sizes=\"auto, (max-width: 1024px) 100vw, 1024px\" \/><\/p>\n","protected":false},"excerpt":{"rendered":"<p>La BV-4511, o carretera de Manresa, que connecta la capital del Bages amb el municipi de Santpedor passant per Pineda de Bages, s\u2019ha colat aquest any dins el r\u00e0nquing de les 10 carreteres amb m\u00e9s risc de patir un accident de tot Catalunya. Aix\u00ed ho indica un estudi fet per EuroRAP, que ha presentat el [&hellip;]<\/p>\n","protected":false},"author":6,"featured_media":9413,"comment_status":"open","ping_status":"closed","sticky":false,"template":"","format":"standard","meta":{"footnotes":""},"categories":[3,137],"tags":[664,665,666,113],"class_list":{"0":"post-9411","1":"post","2":"type-post","3":"status-publish","4":"format-standard","5":"has-post-thumbnail","7":"category-noticies","8":"category-societat","9":"tag-bv-4511","10":"tag-carretera-de-manresa-a-santpedor","11":"tag-manresa","12":"tag-santpedor"},"_links":{"self":[{"href":"https:\/\/santpedor.net\/radio\/wp-json\/wp\/v2\/posts\/9411","targetHints":{"allow":["GET"]}}],"collection":[{"href":"https:\/\/santpedor.net\/radio\/wp-json\/wp\/v2\/posts"}],"about":[{"href":"https:\/\/santpedor.net\/radio\/wp-json\/wp\/v2\/types\/post"}],"author":[{"embeddable":true,"href":"https:\/\/santpedor.net\/radio\/wp-json\/wp\/v2\/users\/6"}],"replies":[{"embeddable":true,"href":"https:\/\/santpedor.net\/radio\/wp-json\/wp\/v2\/comments?post=9411"}],"version-history":[{"count":0,"href":"https:\/\/santpedor.net\/radio\/wp-json\/wp\/v2\/posts\/9411\/revisions"}],"wp:featuredmedia":[{"embeddable":true,"href":"https:\/\/santpedor.net\/radio\/wp-json\/wp\/v2\/media\/9413"}],"wp:attachment":[{"href":"https:\/\/santpedor.net\/radio\/wp-json\/wp\/v2\/media?parent=9411"}],"wp:term":[{"taxonomy":"category","embeddable":true,"href":"https:\/\/santpedor.net\/radio\/wp-json\/wp\/v2\/categories?post=9411"},{"taxonomy":"post_tag","embeddable":true,"href":"https:\/\/santpedor.net\/radio\/wp-json\/wp\/v2\/tags?post=9411"}],"curies":[{"name":"wp","href":"https:\/\/api.w.org\/{rel}","templated":true}]}}