{"id":9421,"date":"2016-12-21T19:41:57","date_gmt":"2016-12-21T18:41:57","guid":{"rendered":"http:\/\/santpedor.net\/radio\/?p=9421"},"modified":"2016-12-21T19:41:57","modified_gmt":"2016-12-21T18:41:57","slug":"ricard-font-secretari-dinfraestructures-generalitat-sha-aconseguit-que-lactivitat-laerodrom-afecti-minim-possible-veins","status":"publish","type":"post","link":"https:\/\/santpedor.net\/radio\/ricard-font-secretari-dinfraestructures-generalitat-sha-aconseguit-que-lactivitat-laerodrom-afecti-minim-possible-veins\/","title":{"rendered":"Ricard Font, secretari d&#8217;infraestructures de la Generalitat: &#8220;s&#8217;ha aconseguit que l&#8217;activitat de l&#8217;aer\u00f2drom afecti el m\u00ednim possible els ve\u00efns&#8221;"},"content":{"rendered":"<p>La Generalitat de Catalunya valora molt positivament l&#8217;aprovaci\u00f3 del Pla Director Urban\u00edstic Aeroportuari, ara fa un mes i mig, que afecta l&#8217;aer\u00f2drom de Sant Fruit\u00f3s de Bages i en regula l&#8217;activitat. Un aer\u00f2drom on opera l&#8217;empresa Skydive BCN, que ofereix salts al buit des d&#8217;avioneta, i que ha generat controv\u00e8rsia a tot l&#8217;entorn des del seu naixement, dos anys enrere, pel soroll que generen les avionetes que utilitza. Aix\u00ed, el secretari d&#8217;infraestructures i territori de la Generalitat, Ricard Font, assegurava diumenge al programa Pla\u00e7a Gran de R\u00e0dio Santpedor, que amb el PDUA s&#8217;ha aconseguit que &#8220;l&#8217;activitat de l&#8217;aer\u00f2drom afecti el m\u00ednim possible als ve\u00efns&#8221;:<\/p>\n<audio class=\"wp-audio-shortcode\" id=\"audio-9421-1\" preload=\"none\" style=\"width: 100%;\" controls=\"controls\"><source type=\"audio\/mpeg\" src=\"http:\/\/santpedor.net\/radio\/wp-content\/uploads\/2016\/12\/T-Ricard-Font-Territori-Gene-avionetes.mp3?_=1\" \/><a href=\"http:\/\/santpedor.net\/radio\/wp-content\/uploads\/2016\/12\/T-Ricard-Font-Territori-Gene-avionetes.mp3\">http:\/\/santpedor.net\/radio\/wp-content\/uploads\/2016\/12\/T-Ricard-Font-Territori-Gene-avionetes.mp3<\/a><\/audio>\n<p>El PDUA, entre altres coses, estableix un espai d&#8217;exclusi\u00f3 a\u00e8ria de 2.000 peus a tot el municipi de Santpedor, ha fet escur\u00e7ar la pista de les avionetes perqu\u00e8 no afectin l&#8217;activitat de l&#8217;eix transversal, i adjudica uns llindars sonors que en cap cas poden superar les avionetes durant els trajectes.<\/p>\n<p>L&#8217;empresa Skydive BCN, que fa una mitjana de 30 vols cada cap de setmana, ja est\u00e0 complint el Pla Director Urban\u00edstic Aeroportuari. Ho fa tot i que el PDUA encara no s&#8217;ha publicat oficialment -est\u00e0 previst que es publiqui aquest mes o el vinent-. Hernan Altamore, gerent de l&#8217;empresa, assegura que la intenci\u00f3 \u00e9s &#8220;molestar el m\u00ednim als ve\u00efns, si cal, variant les traject\u00f2ries dels vols&#8221; i que estan en contacte constant amb ells i els ajuntaments:<\/p>\n<audio class=\"wp-audio-shortcode\" id=\"audio-9421-2\" preload=\"none\" style=\"width: 100%;\" controls=\"controls\"><source type=\"audio\/mpeg\" src=\"http:\/\/santpedor.net\/radio\/wp-content\/uploads\/2016\/12\/T-Hernan-Altamore-avionetes-podem-variar-mes-els-recorreguts.mp3?_=2\" \/><a href=\"http:\/\/santpedor.net\/radio\/wp-content\/uploads\/2016\/12\/T-Hernan-Altamore-avionetes-podem-variar-mes-els-recorreguts.mp3\">http:\/\/santpedor.net\/radio\/wp-content\/uploads\/2016\/12\/T-Hernan-Altamore-avionetes-podem-variar-mes-els-recorreguts.mp3<\/a><\/audio>\n<p>Amb tot, les avionetes segueixen deixant-se sentir a Santpedor, fins i tot al nucli del municipi. Uns sorolls als qual sembla que els ve\u00efns del poble s&#8217;hauran d&#8217;acostumar, tot i que des de l&#8217;ajuntament s&#8217;anima a notificar qualsevol soroll que siguis susceptible de superar el llindar ac\u00fastic establert al PDUA. Aix\u00ed ho explica el regidor d&#8217;urbanisme i medi ambient, Josep Illa:<\/p>\n<audio class=\"wp-audio-shortcode\" id=\"audio-9421-3\" preload=\"none\" style=\"width: 100%;\" controls=\"controls\"><source type=\"audio\/mpeg\" src=\"http:\/\/santpedor.net\/radio\/wp-content\/uploads\/2016\/12\/T-Josep-Illa-avionetes-q-fer-si-sentim-soroll.mp3?_=3\" \/><a href=\"http:\/\/santpedor.net\/radio\/wp-content\/uploads\/2016\/12\/T-Josep-Illa-avionetes-q-fer-si-sentim-soroll.mp3\">http:\/\/santpedor.net\/radio\/wp-content\/uploads\/2016\/12\/T-Josep-Illa-avionetes-q-fer-si-sentim-soroll.mp3<\/a><\/audio>\n<p>Illa va explicar que l&#8217;ajuntament ha fet tot el possible -per la seva part- per minimitzar l&#8217;impacte ac\u00fastic de les avionetes i que ara el que toca &#8220;\u00e9s vetllar pel compliment del PDUA&#8221;. En aquest sentit, l&#8217;ajuntament est\u00e0 fent regularment controls sonors a diferents punts del poble per assegurar-se que no es sobrepassa el l\u00edmit ac\u00fastic que estableix el PDUA. De moment, des de la seva aprovaci\u00f3, no hi ha hagut cap incid\u00e8ncia en aquest sentit.<\/p>\n","protected":false},"excerpt":{"rendered":"<p>La Generalitat de Catalunya valora molt positivament l&#8217;aprovaci\u00f3 del Pla Director Urban\u00edstic Aeroportuari, ara fa un mes i mig, que afecta l&#8217;aer\u00f2drom de Sant Fruit\u00f3s de Bages i en regula l&#8217;activitat. Un aer\u00f2drom on opera l&#8217;empresa Skydive BCN, que ofereix salts al buit des d&#8217;avioneta, i que ha generat controv\u00e8rsia a tot l&#8217;entorn des del [&hellip;]<\/p>\n","protected":false},"author":6,"featured_media":9425,"comment_status":"open","ping_status":"closed","sticky":false,"template":"","format":"standard","meta":{"footnotes":""},"categories":[3,137],"tags":[339,330,650,113,243,669],"class_list":{"0":"post-9421","1":"post","2":"type-post","3":"status-publish","4":"format-standard","5":"has-post-thumbnail","7":"category-noticies","8":"category-societat","9":"tag-aerodrom","10":"tag-avionetes","11":"tag-generalitat-de-catalunya","12":"tag-santpedor","13":"tag-skydive-bcn","14":"tag-soroll"},"_links":{"self":[{"href":"https:\/\/santpedor.net\/radio\/wp-json\/wp\/v2\/posts\/9421","targetHints":{"allow":["GET"]}}],"collection":[{"href":"https:\/\/santpedor.net\/radio\/wp-json\/wp\/v2\/posts"}],"about":[{"href":"https:\/\/santpedor.net\/radio\/wp-json\/wp\/v2\/types\/post"}],"author":[{"embeddable":true,"href":"https:\/\/santpedor.net\/radio\/wp-json\/wp\/v2\/users\/6"}],"replies":[{"embeddable":true,"href":"https:\/\/santpedor.net\/radio\/wp-json\/wp\/v2\/comments?post=9421"}],"version-history":[{"count":0,"href":"https:\/\/santpedor.net\/radio\/wp-json\/wp\/v2\/posts\/9421\/revisions"}],"wp:featuredmedia":[{"embeddable":true,"href":"https:\/\/santpedor.net\/radio\/wp-json\/wp\/v2\/media\/9425"}],"wp:attachment":[{"href":"https:\/\/santpedor.net\/radio\/wp-json\/wp\/v2\/media?parent=9421"}],"wp:term":[{"taxonomy":"category","embeddable":true,"href":"https:\/\/santpedor.net\/radio\/wp-json\/wp\/v2\/categories?post=9421"},{"taxonomy":"post_tag","embeddable":true,"href":"https:\/\/santpedor.net\/radio\/wp-json\/wp\/v2\/tags?post=9421"}],"curies":[{"name":"wp","href":"https:\/\/api.w.org\/{rel}","templated":true}]}}