{"id":9434,"date":"2016-12-27T14:39:37","date_gmt":"2016-12-27T13:39:37","guid":{"rendered":"http:\/\/santpedor.net\/radio\/?p=9434"},"modified":"2016-12-27T18:43:33","modified_gmt":"2016-12-27T17:43:33","slug":"plataforma-animalista-santpedor-lluitara-perque-2017-ja-no-hi-hagi-correbous-santpedor","status":"publish","type":"post","link":"https:\/\/santpedor.net\/radio\/plataforma-animalista-santpedor-lluitara-perque-2017-ja-no-hi-hagi-correbous-santpedor\/","title":{"rendered":"La Plataforma Animalista de Santpedor lluitar\u00e0 perqu\u00e8 al 2017 ja no hi hagi correbous a Santpedor"},"content":{"rendered":"<p>El PAS, o Plataforma Animalista de Santpedor, va n\u00e9ixer ara fa 6 mesos amb l&#8217;\u00fanic objectiu d&#8217;acabar amb els correbous al poble, un acte que consideren &#8220;anacr\u00f2nic i cruel&#8221;, com m\u00e9s aviat. La seva idea, de fet, \u00e9s que aquest 2016 les popularment conegudes &#8216;vaquetes&#8217; ja no formin part del programa de la Festa Major. Per fer-ho engegaran aquest 2017 un seguit d&#8217;iniciatives que es sumaran a la de l&#8217;estiu, quan van crear una petici\u00f3 a Change.org perqu\u00e8 la gent s&#8217;adher\u00eds i firm\u00e9s en contra dels correbous a Santpedor. Una petici\u00f3 que ja acumula 6.000 firmes.<\/p>\n<p>Aix\u00ed, des de fa setmanes, estan en converses amb els grups pol\u00edtics del consistori, als quals se&#8217;ls ha explicat i argumentat la seva posici\u00f3. La intenci\u00f3 de la PAS \u00e9s mantenir-hi converses en les properes setmanes i presentar informes veterinaris que demostren el patiment dels animals en aquest tipus d&#8217;espectacles.<\/p>\n<p>Tamb\u00e9 organitzaran activitats i xerrades a nivell de poble, algunes en col\u00b7laboraci\u00f3 amb les escoles del municipi, per conscienciar sobre la crueltat dels animals. I \u00e9s que la plataforma animalista vol enfocar els seus esfor\u00e7os a conscienciar el p\u00fablic m\u00e9s juvenil, a m\u00e9s dels representants pol\u00edtics.<\/p>\n<p>Tot plegat ho ha explicat Merc\u00e8 Balza, una de les portaveus de la PAS, en una roda de premsa aquest mat\u00ed a la Pla\u00e7a Gran, on ha assegurat que lluitaran perqu\u00e8 Santpedor &#8220;sigui un poble del segle XXI, modern, emp\u00e0tic i respectu\u00f3s amb els animals, i no un poble del segle XVII&#8221;:<\/p>\n<audio class=\"wp-audio-shortcode\" id=\"audio-9434-1\" preload=\"none\" style=\"width: 100%;\" controls=\"controls\"><source type=\"audio\/mpeg\" src=\"http:\/\/santpedor.net\/radio\/wp-content\/uploads\/2016\/12\/T-Merc\u00e8-Bauz\u00e0-PAS.mp3?_=1\" \/><a href=\"http:\/\/santpedor.net\/radio\/wp-content\/uploads\/2016\/12\/T-Merc\u00e8-Bauz\u00e0-PAS.mp3\">http:\/\/santpedor.net\/radio\/wp-content\/uploads\/2016\/12\/T-Merc\u00e8-Bauz\u00e0-PAS.mp3<\/a><\/audio>\n<p>El Pas va n\u00e9ixer fa 6 mesos impulsat per un grup de gent del poble, amb el suport d&#8217;una quinzena d&#8217;entitats del municipi, i tamb\u00e9 d&#8217;altres plataformes i entitats animalistes de Catalunya, de les quals reben suport i assessorament.<\/p>\n","protected":false},"excerpt":{"rendered":"<p>El PAS, o Plataforma Animalista de Santpedor, va n\u00e9ixer ara fa 6 mesos amb l&#8217;\u00fanic objectiu d&#8217;acabar amb els correbous al poble, un acte que consideren &#8220;anacr\u00f2nic i cruel&#8221;, com m\u00e9s aviat. La seva idea, de fet, \u00e9s que aquest 2016 les popularment conegudes &#8216;vaquetes&#8217; ja no formin part del programa de la Festa Major. [&hellip;]<\/p>\n","protected":false},"author":6,"featured_media":9436,"comment_status":"open","ping_status":"closed","sticky":false,"template":"","format":"standard","meta":{"footnotes":""},"categories":[3,137],"tags":[7,406,671,113,407],"class_list":{"0":"post-9434","1":"post","2":"type-post","3":"status-publish","4":"format-standard","5":"has-post-thumbnail","7":"category-noticies","8":"category-societat","9":"tag-ajuntament","10":"tag-correbous","11":"tag-plataforma-animalista-de-santpedor","12":"tag-santpedor","13":"tag-vaquetes"},"_links":{"self":[{"href":"https:\/\/santpedor.net\/radio\/wp-json\/wp\/v2\/posts\/9434","targetHints":{"allow":["GET"]}}],"collection":[{"href":"https:\/\/santpedor.net\/radio\/wp-json\/wp\/v2\/posts"}],"about":[{"href":"https:\/\/santpedor.net\/radio\/wp-json\/wp\/v2\/types\/post"}],"author":[{"embeddable":true,"href":"https:\/\/santpedor.net\/radio\/wp-json\/wp\/v2\/users\/6"}],"replies":[{"embeddable":true,"href":"https:\/\/santpedor.net\/radio\/wp-json\/wp\/v2\/comments?post=9434"}],"version-history":[{"count":0,"href":"https:\/\/santpedor.net\/radio\/wp-json\/wp\/v2\/posts\/9434\/revisions"}],"wp:featuredmedia":[{"embeddable":true,"href":"https:\/\/santpedor.net\/radio\/wp-json\/wp\/v2\/media\/9436"}],"wp:attachment":[{"href":"https:\/\/santpedor.net\/radio\/wp-json\/wp\/v2\/media?parent=9434"}],"wp:term":[{"taxonomy":"category","embeddable":true,"href":"https:\/\/santpedor.net\/radio\/wp-json\/wp\/v2\/categories?post=9434"},{"taxonomy":"post_tag","embeddable":true,"href":"https:\/\/santpedor.net\/radio\/wp-json\/wp\/v2\/tags?post=9434"}],"curies":[{"name":"wp","href":"https:\/\/api.w.org\/{rel}","templated":true}]}}