{"id":9445,"date":"2016-12-28T13:08:27","date_gmt":"2016-12-28T12:08:27","guid":{"rendered":"http:\/\/santpedor.net\/radio\/?p=9445"},"modified":"2016-12-28T13:08:27","modified_gmt":"2016-12-28T12:08:27","slug":"anais-vila-tanca-gira-concert-conservatori-manresa","status":"publish","type":"post","link":"https:\/\/santpedor.net\/radio\/anais-vila-tanca-gira-concert-conservatori-manresa\/","title":{"rendered":"Ana\u00efs Vila tanca gira amb un concert al Conservatori de Manresa"},"content":{"rendered":"<p>La cantautora santpedorenca Ana\u00efs Vila posar\u00e0 dem\u00e0 punt i final a la gira que l&#8217;ha portat per escenaris de mig pa\u00eds promocionant el seu \u00faltim disc: &#8216;Entre els dits&#8217;. Ho far\u00e0 a Manresa, en una sala emblem\u00e0tica com \u00e9s el Teatre Conservatori, amb una actuaci\u00f3 en qu\u00e8 anir\u00e0 acompanyada de Josep Cordob\u00e9s a la bateria, Mateu Peramiquel al piano, Jordi Blanes al baix i contrabaix, Oriol Guillem a la guitarra, i Raquel Herreros i Violeta Batista als cors. Tots ells col\u00b7laboradors i amics de la cantant. A m\u00e9s, comptar\u00e0 amb la col\u00b7laboraci\u00f3 del cantautor Dami\u00e0 Olivella i de la seva germana, Blanca Vila, que ballar\u00e0 un dels temes. Tot plegat conformar\u00e0 una actuaci\u00f3 \u00edntima i especial amb que Vila vol dir ad\u00e9u a una etapa rodejada del seu entorn m\u00e9s proper.<\/p>\n<audio class=\"wp-audio-shortcode\" id=\"audio-9445-1\" preload=\"none\" style=\"width: 100%;\" controls=\"controls\"><source type=\"audio\/mpeg\" src=\"http:\/\/santpedor.net\/radio\/wp-content\/uploads\/2016\/12\/T-Ana\u00efs-Vila-concert.mp3?_=1\" \/><a href=\"http:\/\/santpedor.net\/radio\/wp-content\/uploads\/2016\/12\/T-Ana\u00efs-Vila-concert.mp3\">http:\/\/santpedor.net\/radio\/wp-content\/uploads\/2016\/12\/T-Ana\u00efs-Vila-concert.mp3<\/a><\/audio>\n<p>L&#8217;\u00e0lbum &#8216;Entre els dits&#8217; ha sigut un pas endavant important per Ana\u00efs Vila, que ha sabut arribar a la gent amb temes molt personals i directes que el p\u00fablic s&#8217;ha fet seus, tal i com explica la pr\u00f2pia artista.<\/p>\n<audio class=\"wp-audio-shortcode\" id=\"audio-9445-2\" preload=\"none\" style=\"width: 100%;\" controls=\"controls\"><source type=\"audio\/mpeg\" src=\"http:\/\/santpedor.net\/radio\/wp-content\/uploads\/2016\/12\/T-Anais-Vila-2-concert.mp3?_=2\" \/><a href=\"http:\/\/santpedor.net\/radio\/wp-content\/uploads\/2016\/12\/T-Anais-Vila-2-concert.mp3\">http:\/\/santpedor.net\/radio\/wp-content\/uploads\/2016\/12\/T-Anais-Vila-2-concert.mp3<\/a><\/audio>\n<p>Al concert de dem\u00e0, Ana\u00efs Vila posar\u00e0 en solfa temes nous que no formen part del disc, entre ells, el tema nadalenc &#8216;Aquest Nadal&#8217;, compost per ella amb l&#8217;acompanyament d&#8217;\u00d2nia Tom\u00e0s al Celo, que va veure la llum al Youtube ara fa una setmana.<\/p>\n<p><iframe loading=\"lazy\" src=\"https:\/\/www.youtube.com\/embed\/ZiBNp3LiolU\" width=\"560\" height=\"315\" frameborder=\"0\" allowfullscreen=\"allowfullscreen\"><\/iframe><\/p>\n<p>FOTO: J\u00daLIA SALA<\/p>\n","protected":false},"excerpt":{"rendered":"<p>La cantautora santpedorenca Ana\u00efs Vila posar\u00e0 dem\u00e0 punt i final a la gira que l&#8217;ha portat per escenaris de mig pa\u00eds promocionant el seu \u00faltim disc: &#8216;Entre els dits&#8217;. Ho far\u00e0 a Manresa, en una sala emblem\u00e0tica com \u00e9s el Teatre Conservatori, amb una actuaci\u00f3 en qu\u00e8 anir\u00e0 acompanyada de Josep Cordob\u00e9s a la bateria, [&hellip;]<\/p>\n","protected":false},"author":6,"featured_media":9446,"comment_status":"open","ping_status":"closed","sticky":false,"template":"","format":"standard","meta":{"footnotes":""},"categories":[236,3],"tags":[234,674,675,666,676,113],"class_list":{"0":"post-9445","1":"post","2":"type-post","3":"status-publish","4":"format-standard","5":"has-post-thumbnail","7":"category-entitats-i-cultura","8":"category-noticies","9":"tag-anais-vila","10":"tag-conservatori-de-manresa","11":"tag-entre-els-dits","12":"tag-manresa","13":"tag-musica","14":"tag-santpedor"},"_links":{"self":[{"href":"https:\/\/santpedor.net\/radio\/wp-json\/wp\/v2\/posts\/9445","targetHints":{"allow":["GET"]}}],"collection":[{"href":"https:\/\/santpedor.net\/radio\/wp-json\/wp\/v2\/posts"}],"about":[{"href":"https:\/\/santpedor.net\/radio\/wp-json\/wp\/v2\/types\/post"}],"author":[{"embeddable":true,"href":"https:\/\/santpedor.net\/radio\/wp-json\/wp\/v2\/users\/6"}],"replies":[{"embeddable":true,"href":"https:\/\/santpedor.net\/radio\/wp-json\/wp\/v2\/comments?post=9445"}],"version-history":[{"count":0,"href":"https:\/\/santpedor.net\/radio\/wp-json\/wp\/v2\/posts\/9445\/revisions"}],"wp:featuredmedia":[{"embeddable":true,"href":"https:\/\/santpedor.net\/radio\/wp-json\/wp\/v2\/media\/9446"}],"wp:attachment":[{"href":"https:\/\/santpedor.net\/radio\/wp-json\/wp\/v2\/media?parent=9445"}],"wp:term":[{"taxonomy":"category","embeddable":true,"href":"https:\/\/santpedor.net\/radio\/wp-json\/wp\/v2\/categories?post=9445"},{"taxonomy":"post_tag","embeddable":true,"href":"https:\/\/santpedor.net\/radio\/wp-json\/wp\/v2\/tags?post=9445"}],"curies":[{"name":"wp","href":"https:\/\/api.w.org\/{rel}","templated":true}]}}