{"id":9452,"date":"2016-12-29T12:22:26","date_gmt":"2016-12-29T11:22:26","guid":{"rendered":"http:\/\/santpedor.net\/radio\/?p=9452"},"modified":"2016-12-29T12:23:49","modified_gmt":"2016-12-29T11:23:49","slug":"acabar-nau-cobrir-paller-recuperar-cal-clarasso-principals-inversions-cara-2017","status":"publish","type":"post","link":"https:\/\/santpedor.net\/radio\/acabar-nau-cobrir-paller-recuperar-cal-clarasso-principals-inversions-cara-2017\/","title":{"rendered":"Acabar la Nau, cobrir el Paller, i recuperar Cal Clarass\u00f3, principals inversions de cara al 2017"},"content":{"rendered":"<p>El ple municipal va aprovar dimarts uns pressupostos de fins a 8,1 milions d&#8217;euros, 7% m\u00e9s que l&#8217;any passat. Entre les inversions importants destaquen els 435.000\u20ac que es destinaran a portar clavegueram al Mirador de Montserrat. Una vella promesa que sembla que finalment es far\u00e0 realitat aquest 2017, despr\u00e9s de l&#8217;arribada d&#8217;una subvenci\u00f3 de la Diputaci\u00f3 de Barcelona. Com tamb\u00e9 finalment, aquest 2017, \u00e9s molt probable que es cobreixi el Paller., al qual es destina una partida de 90.000 euros A m\u00e9s, s&#8217;iniciaran les reformes a Cal Clarass\u00f3, tamb\u00e9 amb ajuts de la Diputaci\u00f3, que en pocs anys ha d&#8217;acollir la llar d&#8217;avis i un viver d&#8217;empreses. Tamb\u00e9 destaquen els 60.000 euros que s&#8217;invertiran a culminar la reforma de la Nau, que a hores d&#8217;ara ja ha superat la fase u i hauria d&#8217;estar oberta per la majoria d&#8217;entitats que hi aniran, abans d&#8217;acabar l&#8217;any entrant. Una altra inversi\u00f3 molt potent que es contempla s\u00f3n 63.000 euros per millorar la recollida porta-a-porta i aprofitar molt m\u00e9s les deixalles que generen els ve\u00efns del poble.<\/p>\n<p><img loading=\"lazy\" decoding=\"async\" class=\"size-full wp-image-9453 aligncenter\" src=\"http:\/\/santpedor.net\/radio\/wp-content\/uploads\/2016\/12\/INVERSIONS.jpg\" alt=\"\" width=\"359\" height=\"424\" srcset=\"https:\/\/santpedor.net\/radio\/wp-content\/uploads\/2016\/12\/INVERSIONS.jpg 359w, https:\/\/santpedor.net\/radio\/wp-content\/uploads\/2016\/12\/INVERSIONS-254x300.jpg 254w, https:\/\/santpedor.net\/radio\/wp-content\/uploads\/2016\/12\/INVERSIONS-356x420.jpg 356w\" sizes=\"auto, (max-width: 359px) 100vw, 359px\" \/><\/p>\n<p>A destacar en el cap\u00edtol del deute l&#8217;eixugament d&#8217;un 50% en els \u00faltims 3 anys. Del 36,88% del 2013 a la previsi\u00f3 del 16,39% pel 2017, situant Santpedor com un dels municipis menys endeutats del territori.<\/p>\n<p>L&#8217;oposici\u00f3 en bloc va abstenir-se pel qu\u00e8 fa als comptes. Per part del Partit Dem\u00f2crata, la regidora Roser Llobera va lamentar no tenir &#8220;m\u00e9s eines per valorar els pressupostos&#8221;, i va mostrar desacord en algunes partides, com la de jardineria municipal,\u00a0 que considera que es podrien rebaixar molt m\u00e9s respecte el pressupostat.<\/p>\n<p>Per la seva banda, Fina Rodr\u00edguez, de Progr\u00e9s Municipal, va lamentar les dates elegides per aprovar els pressupostos, i va criticar els comptes presentats per l&#8217;equip de govern. Segons Rodr\u00edguez, &#8220;s\u00f3n continuistes i es recolzen massa en ajuts externs&#8221;. Un dels punts en qu\u00e8 es va mostrar m\u00e9s cr\u00edtica va ser la gran quantitat d&#8217;hores extra fetes per alguns treballadors dels ajuntaments. Al seu parer &#8220;no se n&#8217;hauria de fer cap&#8221;.<\/p>\n<p>En finalitzar la sessi\u00f3 tots els regidors van brindar amb cava per un bon 2017 i van felicitar les festes a tothom.<\/p>\n<p><img loading=\"lazy\" decoding=\"async\" class=\"alignnone size-full wp-image-9456\" src=\"http:\/\/santpedor.net\/radio\/wp-content\/uploads\/2016\/12\/DSC_0010.jpg\" alt=\"\" width=\"1024\" height=\"768\" srcset=\"https:\/\/santpedor.net\/radio\/wp-content\/uploads\/2016\/12\/DSC_0010.jpg 1024w, https:\/\/santpedor.net\/radio\/wp-content\/uploads\/2016\/12\/DSC_0010-300x225.jpg 300w, https:\/\/santpedor.net\/radio\/wp-content\/uploads\/2016\/12\/DSC_0010-768x576.jpg 768w, https:\/\/santpedor.net\/radio\/wp-content\/uploads\/2016\/12\/DSC_0010-80x60.jpg 80w, https:\/\/santpedor.net\/radio\/wp-content\/uploads\/2016\/12\/DSC_0010-265x198.jpg 265w, https:\/\/santpedor.net\/radio\/wp-content\/uploads\/2016\/12\/DSC_0010-696x522.jpg 696w, https:\/\/santpedor.net\/radio\/wp-content\/uploads\/2016\/12\/DSC_0010-1068x801.jpg 1068w, https:\/\/santpedor.net\/radio\/wp-content\/uploads\/2016\/12\/DSC_0010-560x420.jpg 560w\" sizes=\"auto, (max-width: 1024px) 100vw, 1024px\" \/><\/p>\n<p>&nbsp;<\/p>\n<p>&nbsp;<\/p>\n","protected":false},"excerpt":{"rendered":"<p>El ple municipal va aprovar dimarts uns pressupostos de fins a 8,1 milions d&#8217;euros, 7% m\u00e9s que l&#8217;any passat. Entre les inversions importants destaquen els 435.000\u20ac que es destinaran a portar clavegueram al Mirador de Montserrat. Una vella promesa que sembla que finalment es far\u00e0 realitat aquest 2017, despr\u00e9s de l&#8217;arribada d&#8217;una subvenci\u00f3 de la [&hellip;]<\/p>\n","protected":false},"author":6,"featured_media":9455,"comment_status":"open","ping_status":"closed","sticky":false,"template":"","format":"standard","meta":{"footnotes":""},"categories":[3,136],"tags":[252,21,599,409,600,317,113],"class_list":{"0":"post-9452","1":"post","2":"type-post","3":"status-publish","4":"format-standard","5":"has-post-thumbnail","7":"category-noticies","8":"category-politica-i-economia","9":"tag-deute","10":"tag-erc","11":"tag-pdc","12":"tag-ple-municipal","13":"tag-pm","14":"tag-pressupostos","15":"tag-santpedor"},"_links":{"self":[{"href":"https:\/\/santpedor.net\/radio\/wp-json\/wp\/v2\/posts\/9452","targetHints":{"allow":["GET"]}}],"collection":[{"href":"https:\/\/santpedor.net\/radio\/wp-json\/wp\/v2\/posts"}],"about":[{"href":"https:\/\/santpedor.net\/radio\/wp-json\/wp\/v2\/types\/post"}],"author":[{"embeddable":true,"href":"https:\/\/santpedor.net\/radio\/wp-json\/wp\/v2\/users\/6"}],"replies":[{"embeddable":true,"href":"https:\/\/santpedor.net\/radio\/wp-json\/wp\/v2\/comments?post=9452"}],"version-history":[{"count":0,"href":"https:\/\/santpedor.net\/radio\/wp-json\/wp\/v2\/posts\/9452\/revisions"}],"wp:featuredmedia":[{"embeddable":true,"href":"https:\/\/santpedor.net\/radio\/wp-json\/wp\/v2\/media\/9455"}],"wp:attachment":[{"href":"https:\/\/santpedor.net\/radio\/wp-json\/wp\/v2\/media?parent=9452"}],"wp:term":[{"taxonomy":"category","embeddable":true,"href":"https:\/\/santpedor.net\/radio\/wp-json\/wp\/v2\/categories?post=9452"},{"taxonomy":"post_tag","embeddable":true,"href":"https:\/\/santpedor.net\/radio\/wp-json\/wp\/v2\/tags?post=9452"}],"curies":[{"name":"wp","href":"https:\/\/api.w.org\/{rel}","templated":true}]}}