{"id":9467,"date":"2016-12-29T13:14:53","date_gmt":"2016-12-29T12:14:53","guid":{"rendered":"http:\/\/santpedor.net\/radio\/?p=9467"},"modified":"2016-12-29T13:14:53","modified_gmt":"2016-12-29T12:14:53","slug":"cinquantena-persones-assisteixen-xerrada-vivencies-dos-refugiats-lateneu-ca-teia","status":"publish","type":"post","link":"https:\/\/santpedor.net\/radio\/cinquantena-persones-assisteixen-xerrada-vivencies-dos-refugiats-lateneu-ca-teia\/","title":{"rendered":"Una cinquantena de persones assisteixen a una xerrada de les viv\u00e8ncies de dos refugiats a l&#8217;Ateneu Ca la Teia"},"content":{"rendered":"<p>Una cinquantena de persones van assistir a l&#8217;Ateneu popular Ca la Teia de Santpedor, que organitzava una xerrada, juntament amb l\u2019assosciaci\u00f3 Just\u00edcia i Pau, a c\u00e0rrec de dos refugiats sirians originaris d&#8217;Alep, la ciutat que ha viscut l&#8217;enfrontament m\u00e9s llarg i cruent de la guerra del pa\u00eds del Pr\u00f2xim Orient. Mohammed i Mahmoud, tradu\u00efts per F\u00e0tima, una catalana casada amb un siri\u00e0 que tamb\u00e9 va haver de tornar del conflicte, van parlar de les seves viv\u00e8ncies en aquesta ciutat, de la guerra i de la seva condici\u00f3 de refugiats.<\/p>\n<p>Durant la xerrada, els assistents tamb\u00e9 van intervenir amb preguntes i reflexions sobre el conflicte. La xerrada va durar gaireb\u00e9 dues hores i els organitzadors van donar un petit obsequi a Mahmoud i Mohamed per la seva assist\u00e8ncia.<\/p>\n","protected":false},"excerpt":{"rendered":"<p>Una cinquantena de persones van assistir a l&#8217;Ateneu popular Ca la Teia de Santpedor, que organitzava una xerrada, juntament amb l\u2019assosciaci\u00f3 Just\u00edcia i Pau, a c\u00e0rrec de dos refugiats sirians originaris d&#8217;Alep, la ciutat que ha viscut l&#8217;enfrontament m\u00e9s llarg i cruent de la guerra del pa\u00eds del Pr\u00f2xim Orient. Mohammed i Mahmoud, tradu\u00efts per [&hellip;]<\/p>\n","protected":false},"author":2,"featured_media":9469,"comment_status":"open","ping_status":"closed","sticky":false,"template":"","format":"video","meta":{"footnotes":""},"categories":[236],"tags":[455,559,39,679,680],"class_list":{"0":"post-9467","1":"post","2":"type-post","3":"status-publish","4":"format-video","5":"has-post-thumbnail","7":"category-entitats-i-cultura","8":"tag-ateneu-ca-la-teia","9":"tag-ona-bages","10":"tag-radio-santpedor","11":"tag-refugiats-sirians","12":"tag-xerrada","13":"post_format-post-format-video"},"_links":{"self":[{"href":"https:\/\/santpedor.net\/radio\/wp-json\/wp\/v2\/posts\/9467","targetHints":{"allow":["GET"]}}],"collection":[{"href":"https:\/\/santpedor.net\/radio\/wp-json\/wp\/v2\/posts"}],"about":[{"href":"https:\/\/santpedor.net\/radio\/wp-json\/wp\/v2\/types\/post"}],"author":[{"embeddable":true,"href":"https:\/\/santpedor.net\/radio\/wp-json\/wp\/v2\/users\/2"}],"replies":[{"embeddable":true,"href":"https:\/\/santpedor.net\/radio\/wp-json\/wp\/v2\/comments?post=9467"}],"version-history":[{"count":0,"href":"https:\/\/santpedor.net\/radio\/wp-json\/wp\/v2\/posts\/9467\/revisions"}],"wp:featuredmedia":[{"embeddable":true,"href":"https:\/\/santpedor.net\/radio\/wp-json\/wp\/v2\/media\/9469"}],"wp:attachment":[{"href":"https:\/\/santpedor.net\/radio\/wp-json\/wp\/v2\/media?parent=9467"}],"wp:term":[{"taxonomy":"category","embeddable":true,"href":"https:\/\/santpedor.net\/radio\/wp-json\/wp\/v2\/categories?post=9467"},{"taxonomy":"post_tag","embeddable":true,"href":"https:\/\/santpedor.net\/radio\/wp-json\/wp\/v2\/tags?post=9467"}],"curies":[{"name":"wp","href":"https:\/\/api.w.org\/{rel}","templated":true}]}}