{"id":9470,"date":"2016-12-29T13:43:44","date_gmt":"2016-12-29T12:43:44","guid":{"rendered":"http:\/\/santpedor.net\/radio\/?p=9470"},"modified":"2016-12-30T12:53:09","modified_gmt":"2016-12-30T11:53:09","slug":"santpedor-ja-ha-enllestit-canalitzacio-als-poligons-industrials-perque-operadores-hi-portin-fibra-optica","status":"publish","type":"post","link":"https:\/\/santpedor.net\/radio\/santpedor-ja-ha-enllestit-canalitzacio-als-poligons-industrials-perque-operadores-hi-portin-fibra-optica\/","title":{"rendered":"Santpedor ja ha enllestit la canalitzaci\u00f3 als pol\u00edgons industrials perqu\u00e8 les operadores hi portin la fibra \u00f2ptica"},"content":{"rendered":"<p>REDACCI\u00d3 | En el decurs d\u2019un esmorzar de treball, l\u2019alcalde de Santpedor, Xavier Codina, ha informat a la junta directiva de l\u2019Associaci\u00f3 de Parcs Empresarials de Santpedor, APES, que aquest mes de desembre ha quedat enllestida la canalitzaci\u00f3 al darrer dels pol\u00edgons industrials del municipi que encara no la tenia, el pol\u00edgon Santa Anna 1. Aquest era el pas previ necessari perqu\u00e8 ara les companyies de telefonia interessades a desplegar la fibra \u00f2ptica als pol\u00edgons ho puguin fer amb el cablejat soterrat.<\/p>\n<p>Els treballs que s\u2019han portat a terme directament des de l\u2019Ajuntament de Santpedor afecten a m\u00e9s del pol\u00edgon de Santa Anna 1, el tram que uneix aquest amb els pol\u00edgons Santa Anna 2 i 3 que ja la tenien soterrada per\u00f2 els faltava la connexi\u00f3. Ara per ara el 100 per cent del municipi ja disposa de fibra \u00f2ptica, servei que ofereix a particulars des de la companyia Movistar. Per\u00f2 amb la canalitzaci\u00f3 feta, l\u2019empresa Fibracat ha demanat els permisos per poder oferir el servei al municipi i als pol\u00edgons, fet que ha explicat Codina als empresaris assistents Josep Ferrer (Conserves ferrer), Lao Basora (comercial Basora) i Esteve Pint\u00f3 (Domini Ambiental).<\/p>\n<p>La fibra \u00f2ptica ha patit molts endarreriments els \u00faltims anys. Tant Progr\u00e9s Municipal com el Partit Dem\u00f2crata de Santpedor han demanat diverses vegades als plens municipals que es pos\u00e9s fil a l\u2019agulla amb les gestions i remodelacions necess\u00e0ries per fer arribar la fibra al poble.<\/p>\n<p>Un altre dels temes que es van tractar durant la reuni\u00f3 \u00e9s la urbanitzaci\u00f3 del pol\u00edgon de Santa Anna 1. Codina ha avan\u00e7at als empresaris que ja s&#8217;ha incl\u00f2s al pressupost del 2017 la urbanitzaci\u00f3 i reparcel\u00b7laci\u00f3 del pol\u00edgon Santa Anna 1. En relaci\u00f3 a l&#8217;informe del RACC que situava la carretera propietat de la Generalitat que va de Manresa a Santpedor com una de les m\u00e9s perilloses de Catalunya, Codina ha informat als empresaris de la reuni\u00f3 mantinguda fa tres mesos amb Generalitat per fer el projecte de la Ronda Sud.<\/p>\n","protected":false},"excerpt":{"rendered":"<p>REDACCI\u00d3 | En el decurs d\u2019un esmorzar de treball, l\u2019alcalde de Santpedor, Xavier Codina, ha informat a la junta directiva de l\u2019Associaci\u00f3 de Parcs Empresarials de Santpedor, APES, que aquest mes de desembre ha quedat enllestida la canalitzaci\u00f3 al darrer dels pol\u00edgons industrials del municipi que encara no la tenia, el pol\u00edgon Santa Anna 1. [&hellip;]<\/p>\n","protected":false},"author":2,"featured_media":9471,"comment_status":"open","ping_status":"closed","sticky":false,"template":"","format":"standard","meta":{"footnotes":""},"categories":[3,136],"tags":[86,682,171,233,681,196,113,20],"class_list":{"0":"post-9470","1":"post","2":"type-post","3":"status-publish","4":"format-standard","5":"has-post-thumbnail","7":"category-noticies","8":"category-politica-i-economia","9":"tag-fibra-optica","10":"tag-fibracat","11":"tag-generalitat","12":"tag-movistar","13":"tag-poligon-industrial","14":"tag-santa-anna","15":"tag-santpedor","16":"tag-xavier-codina"},"_links":{"self":[{"href":"https:\/\/santpedor.net\/radio\/wp-json\/wp\/v2\/posts\/9470","targetHints":{"allow":["GET"]}}],"collection":[{"href":"https:\/\/santpedor.net\/radio\/wp-json\/wp\/v2\/posts"}],"about":[{"href":"https:\/\/santpedor.net\/radio\/wp-json\/wp\/v2\/types\/post"}],"author":[{"embeddable":true,"href":"https:\/\/santpedor.net\/radio\/wp-json\/wp\/v2\/users\/2"}],"replies":[{"embeddable":true,"href":"https:\/\/santpedor.net\/radio\/wp-json\/wp\/v2\/comments?post=9470"}],"version-history":[{"count":0,"href":"https:\/\/santpedor.net\/radio\/wp-json\/wp\/v2\/posts\/9470\/revisions"}],"wp:featuredmedia":[{"embeddable":true,"href":"https:\/\/santpedor.net\/radio\/wp-json\/wp\/v2\/media\/9471"}],"wp:attachment":[{"href":"https:\/\/santpedor.net\/radio\/wp-json\/wp\/v2\/media?parent=9470"}],"wp:term":[{"taxonomy":"category","embeddable":true,"href":"https:\/\/santpedor.net\/radio\/wp-json\/wp\/v2\/categories?post=9470"},{"taxonomy":"post_tag","embeddable":true,"href":"https:\/\/santpedor.net\/radio\/wp-json\/wp\/v2\/tags?post=9470"}],"curies":[{"name":"wp","href":"https:\/\/api.w.org\/{rel}","templated":true}]}}