{"id":9516,"date":"2017-01-09T13:57:01","date_gmt":"2017-01-09T12:57:01","guid":{"rendered":"http:\/\/santpedor.net\/radio\/?p=9516"},"modified":"2017-01-10T01:27:54","modified_gmt":"2017-01-10T00:27:54","slug":"carles-capdevila-vindra-santpedor-pels-10-anys-serreta","status":"publish","type":"post","link":"https:\/\/santpedor.net\/radio\/carles-capdevila-vindra-santpedor-pels-10-anys-serreta\/","title":{"rendered":"Carles Capdevila vindr\u00e0 a Santpedor pels 10 anys de La Serreta"},"content":{"rendered":"<p>El fil\u00f2sof i periodista Carles Capdevila far\u00e0 la xerrada &#8216;Educar amb humor&#8217; a la sala Cal Llovet de Santpedor, el proper dimecres 18 de gener a les 19h. Ser\u00e0 una xerrada gratu\u00efta i oberta a tothom sobre educaci\u00f3 i humor, que quedar\u00e0 emmarcada dins els actes programats per la celebraci\u00f3 del <a href=\"http:\/\/agora.xtec.cat\/escolalaserreta\/moodle\/\">des\u00e8 aniversari de l&#8217;escola La Serreta<\/a>.<\/p>\n<p>No \u00e9s la primera vegada que Capdevila, qui \u00e9s director-fundador del diari ARA, fa aquesta xerrada a la nostra comarca, sempre amb molt \u00e8xit d&#8217;assist\u00e8ncia.<\/p>\n","protected":false},"excerpt":{"rendered":"<p>El fil\u00f2sof i periodista Carles Capdevila far\u00e0 la xerrada &#8216;Educar amb humor&#8217; a la sala Cal Llovet de Santpedor, el proper dimecres 18 de gener a les 19h. Ser\u00e0 una xerrada gratu\u00efta i oberta a tothom sobre educaci\u00f3 i humor, que quedar\u00e0 emmarcada dins els actes programats per la celebraci\u00f3 del des\u00e8 aniversari de l&#8217;escola [&hellip;]<\/p>\n","protected":false},"author":6,"featured_media":9517,"comment_status":"open","ping_status":"closed","sticky":false,"template":"","format":"standard","meta":{"footnotes":""},"categories":[3,137],"tags":[696,226,113],"class_list":{"0":"post-9516","1":"post","2":"type-post","3":"status-publish","4":"format-standard","5":"has-post-thumbnail","7":"category-noticies","8":"category-societat","9":"tag-carles-capdevila","10":"tag-la-serreta","11":"tag-santpedor"},"_links":{"self":[{"href":"https:\/\/santpedor.net\/radio\/wp-json\/wp\/v2\/posts\/9516","targetHints":{"allow":["GET"]}}],"collection":[{"href":"https:\/\/santpedor.net\/radio\/wp-json\/wp\/v2\/posts"}],"about":[{"href":"https:\/\/santpedor.net\/radio\/wp-json\/wp\/v2\/types\/post"}],"author":[{"embeddable":true,"href":"https:\/\/santpedor.net\/radio\/wp-json\/wp\/v2\/users\/6"}],"replies":[{"embeddable":true,"href":"https:\/\/santpedor.net\/radio\/wp-json\/wp\/v2\/comments?post=9516"}],"version-history":[{"count":0,"href":"https:\/\/santpedor.net\/radio\/wp-json\/wp\/v2\/posts\/9516\/revisions"}],"wp:featuredmedia":[{"embeddable":true,"href":"https:\/\/santpedor.net\/radio\/wp-json\/wp\/v2\/media\/9517"}],"wp:attachment":[{"href":"https:\/\/santpedor.net\/radio\/wp-json\/wp\/v2\/media?parent=9516"}],"wp:term":[{"taxonomy":"category","embeddable":true,"href":"https:\/\/santpedor.net\/radio\/wp-json\/wp\/v2\/categories?post=9516"},{"taxonomy":"post_tag","embeddable":true,"href":"https:\/\/santpedor.net\/radio\/wp-json\/wp\/v2\/tags?post=9516"}],"curies":[{"name":"wp","href":"https:\/\/api.w.org\/{rel}","templated":true}]}}