{"id":9519,"date":"2017-01-09T15:27:14","date_gmt":"2017-01-09T14:27:14","guid":{"rendered":"http:\/\/santpedor.net\/radio\/?p=9519"},"modified":"2017-01-09T15:27:14","modified_gmt":"2017-01-09T14:27:14","slug":"comissio-redactora-nou-reglament-organic-municipal-santpedor-debat-ple-2017","status":"publish","type":"post","link":"https:\/\/santpedor.net\/radio\/comissio-redactora-nou-reglament-organic-municipal-santpedor-debat-ple-2017\/","title":{"rendered":"La comissi\u00f3 redactora del nou Reglament Org\u00e0nic Municipal de Santpedor, a debat al primer ple del 2017"},"content":{"rendered":"<p>Santpedor encetar\u00e0 l&#8217;any amb el debat i aprovaci\u00f3 dels seg\u00fcents quatre dict\u00e0mens: l&#8217;aprovaci\u00f3 inicial de l&#8217;ordenan\u00e7a de venda no sedent\u00e0ria, una addenda al conveni entre l&#8217;ajuntament de Santpedor i el Consorci del Bages per la gesti\u00f3 de residus, la creaci\u00f3 de la comissi\u00f3 redactora del Reglament Org\u00e0nic Municipal, i la modificaci\u00f3 dels acords adoptats pel Ple de la Corporaci\u00f3 en data 3 de juliol de 2015, referent als nomenaments dels representants de les Comissions Informatives, Comissi\u00f3 especial de comptes i designaci\u00f3 de representants en altres entitats.<\/p>\n<p>Al ple, que ser\u00e0 dimarts 10 de gener a les 19:30h a la Capella de Sant Andreu (Pla\u00e7a Gran), es far\u00e0, com sempre, el control i seguiment de l&#8217;activitat de les regidories de l&#8217;ajuntament, i el torn de precs i preguntes obert als partits pol\u00edtics de la oposici\u00f3 i al p\u00fablic.<\/p>\n<p>Consulteu aqu\u00ed la <a href=\"http:\/\/santpedor.net\/radio\/wp-content\/uploads\/2017\/01\/CONVOCATORIA-PLE-ORDINARI-GENER2.pdf\">Convocat\u00f2ria ple ordinari gener 2017<\/a><\/p>\n","protected":false},"excerpt":{"rendered":"<p>Santpedor encetar\u00e0 l&#8217;any amb el debat i aprovaci\u00f3 dels seg\u00fcents quatre dict\u00e0mens: l&#8217;aprovaci\u00f3 inicial de l&#8217;ordenan\u00e7a de venda no sedent\u00e0ria, una addenda al conveni entre l&#8217;ajuntament de Santpedor i el Consorci del Bages per la gesti\u00f3 de residus, la creaci\u00f3 de la comissi\u00f3 redactora del Reglament Org\u00e0nic Municipal, i la modificaci\u00f3 dels acords adoptats pel [&hellip;]<\/p>\n","protected":false},"author":6,"featured_media":4595,"comment_status":"open","ping_status":"closed","sticky":false,"template":"","format":"standard","meta":{"footnotes":""},"categories":[3,136],"tags":[7,49,96,697,113],"class_list":{"0":"post-9519","1":"post","2":"type-post","3":"status-publish","4":"format-standard","5":"has-post-thumbnail","7":"category-noticies","8":"category-politica-i-economia","9":"tag-ajuntament","10":"tag-capella-de-sant-andreu","11":"tag-placa-gran","12":"tag-reglament-organic-municipal","13":"tag-santpedor"},"_links":{"self":[{"href":"https:\/\/santpedor.net\/radio\/wp-json\/wp\/v2\/posts\/9519","targetHints":{"allow":["GET"]}}],"collection":[{"href":"https:\/\/santpedor.net\/radio\/wp-json\/wp\/v2\/posts"}],"about":[{"href":"https:\/\/santpedor.net\/radio\/wp-json\/wp\/v2\/types\/post"}],"author":[{"embeddable":true,"href":"https:\/\/santpedor.net\/radio\/wp-json\/wp\/v2\/users\/6"}],"replies":[{"embeddable":true,"href":"https:\/\/santpedor.net\/radio\/wp-json\/wp\/v2\/comments?post=9519"}],"version-history":[{"count":0,"href":"https:\/\/santpedor.net\/radio\/wp-json\/wp\/v2\/posts\/9519\/revisions"}],"wp:featuredmedia":[{"embeddable":true,"href":"https:\/\/santpedor.net\/radio\/wp-json\/wp\/v2\/media\/4595"}],"wp:attachment":[{"href":"https:\/\/santpedor.net\/radio\/wp-json\/wp\/v2\/media?parent=9519"}],"wp:term":[{"taxonomy":"category","embeddable":true,"href":"https:\/\/santpedor.net\/radio\/wp-json\/wp\/v2\/categories?post=9519"},{"taxonomy":"post_tag","embeddable":true,"href":"https:\/\/santpedor.net\/radio\/wp-json\/wp\/v2\/tags?post=9519"}],"curies":[{"name":"wp","href":"https:\/\/api.w.org\/{rel}","templated":true}]}}