{"id":9540,"date":"2017-01-11T00:10:39","date_gmt":"2017-01-10T23:10:39","guid":{"rendered":"http:\/\/santpedor.net\/radio\/?p=9540"},"modified":"2017-01-11T00:10:39","modified_gmt":"2017-01-10T23:10:39","slug":"peyu-lapm-visitara-santpedor-busca-nyaps","status":"publish","type":"post","link":"https:\/\/santpedor.net\/radio\/peyu-lapm-visitara-santpedor-busca-nyaps\/","title":{"rendered":"El Peyu de l&#8217;APM visitar\u00e0 Santpedor en busca de nyaps"},"content":{"rendered":"<p>El popular humorista Peyu ser\u00e0 aviat de visita per Santpedor. L&#8217;objecte de la seva visita ser\u00e0 fer la secci\u00f3 &#8216;Ol\u00e9 t\u00fa!&#8217; del programa humor\u00edstic APM (Alguna Pregunta M\u00e9s) de TV3. En aquesta secci\u00f3 en Peyu fa gags en clau d&#8217;humor a trav\u00e9s de nyaps urban\u00edstics dels pobles de Catalunya. Carrers mal senyalitzats, mobiliari urb\u00e0 inadequat, senyals incoherents&#8230;tota munici\u00f3 \u00e9s poca per aquest humorista que s&#8217;ha fet molt popular a Catalunya en els \u00faltims anys per les seves aparicions a &#8216;El Mat\u00ed i la mare que el va parir&#8217; de R\u00e0dio Flaixbac, el &#8216;Fricand\u00f3 matiner&#8217; de Rac 105, el &#8216;Versi\u00f3 Rac1&#8217; de RAC1, &#8216;La Tribu&#8217; de Catalunya r\u00e0dio, i des de fa dos anys l&#8217;APM&#8217; de TV3.<\/p>\n<p>Tot i que encara no hi ha data oficial per la seva visita, l&#8217;equip de l&#8217;APM ha fet una crida a trav\u00e9s de Twitter perqu\u00e8 els internautes envi\u00efn nyaps urban\u00edstics de Santpedor.<\/p>\n<blockquote class=\"twitter-tweet\" data-lang=\"ca\">\n<p dir=\"ltr\" lang=\"und\">Apeemes! <a href=\"https:\/\/twitter.com\/enpeyu\">@enpeyu<\/a> busca nyaps a Santpedor! Escriviu-nos a apm@tv3.cat i rebreu una calurosa abra\u00e7ada virtual! <a href=\"https:\/\/t.co\/Ui9qnSL7yj\">https:\/\/t.co\/Ui9qnSL7yj<\/a><\/p>\n<p>\u2014 ALGUNA PREGUNTA M\u00c9S? (@APM) <a href=\"https:\/\/twitter.com\/APM\/status\/818170701031030784\">8 de gener de 2017<\/a><\/p><\/blockquote>\n<p><script async src=\"\/\/platform.twitter.com\/widgets.js\" charset=\"utf-8\"><\/script><\/p>\n<p>&nbsp;<\/p>\n","protected":false},"excerpt":{"rendered":"<p>El popular humorista Peyu ser\u00e0 aviat de visita per Santpedor. L&#8217;objecte de la seva visita ser\u00e0 fer la secci\u00f3 &#8216;Ol\u00e9 t\u00fa!&#8217; del programa humor\u00edstic APM (Alguna Pregunta M\u00e9s) de TV3. En aquesta secci\u00f3 en Peyu fa gags en clau d&#8217;humor a trav\u00e9s de nyaps urban\u00edstics dels pobles de Catalunya. Carrers mal senyalitzats, mobiliari urb\u00e0 inadequat, [&hellip;]<\/p>\n","protected":false},"author":6,"featured_media":9542,"comment_status":"open","ping_status":"closed","sticky":false,"template":"","format":"standard","meta":{"footnotes":""},"categories":[3,137],"tags":[699,149,113,700],"class_list":{"0":"post-9540","1":"post","2":"type-post","3":"status-publish","4":"format-standard","5":"has-post-thumbnail","7":"category-noticies","8":"category-societat","9":"tag-apm","10":"tag-peyu","11":"tag-santpedor","12":"tag-tv3"},"_links":{"self":[{"href":"https:\/\/santpedor.net\/radio\/wp-json\/wp\/v2\/posts\/9540","targetHints":{"allow":["GET"]}}],"collection":[{"href":"https:\/\/santpedor.net\/radio\/wp-json\/wp\/v2\/posts"}],"about":[{"href":"https:\/\/santpedor.net\/radio\/wp-json\/wp\/v2\/types\/post"}],"author":[{"embeddable":true,"href":"https:\/\/santpedor.net\/radio\/wp-json\/wp\/v2\/users\/6"}],"replies":[{"embeddable":true,"href":"https:\/\/santpedor.net\/radio\/wp-json\/wp\/v2\/comments?post=9540"}],"version-history":[{"count":0,"href":"https:\/\/santpedor.net\/radio\/wp-json\/wp\/v2\/posts\/9540\/revisions"}],"wp:featuredmedia":[{"embeddable":true,"href":"https:\/\/santpedor.net\/radio\/wp-json\/wp\/v2\/media\/9542"}],"wp:attachment":[{"href":"https:\/\/santpedor.net\/radio\/wp-json\/wp\/v2\/media?parent=9540"}],"wp:term":[{"taxonomy":"category","embeddable":true,"href":"https:\/\/santpedor.net\/radio\/wp-json\/wp\/v2\/categories?post=9540"},{"taxonomy":"post_tag","embeddable":true,"href":"https:\/\/santpedor.net\/radio\/wp-json\/wp\/v2\/tags?post=9540"}],"curies":[{"name":"wp","href":"https:\/\/api.w.org\/{rel}","templated":true}]}}