{"id":9544,"date":"2017-01-12T16:47:21","date_gmt":"2017-01-12T15:47:21","guid":{"rendered":"http:\/\/santpedor.net\/radio\/?p=9544"},"modified":"2017-01-12T16:47:55","modified_gmt":"2017-01-12T15:47:55","slug":"filosof-gregori-luri-fara-xerrada-sobre-educacio-santpedor","status":"publish","type":"post","link":"https:\/\/santpedor.net\/radio\/filosof-gregori-luri-fara-xerrada-sobre-educacio-santpedor\/","title":{"rendered":"El fil\u00f2sof Gregorio Luri far\u00e0 una xerrada sobre educaci\u00f3 a Santpedor"},"content":{"rendered":"<p>El fil\u00f2sof Gregorio Luri Medrano vindr\u00e0 a Santpedor el proper 25 de gener per fer una xerrada sobre educaci\u00f3 a l&#8217;Auditori Convent de Sant Francesc. En concret, desenvolupar\u00e0 la seva idea que la tasca dels pares no s&#8217;ha de professionalitzar sin\u00f3 aplicar sentit com\u00fa. L&#8217;acte ser\u00e0 a les 20h i pr\u00e8viament es reunir\u00e0 amb el claustre de professors del Llissach, que \u00e9s qui organitza l&#8217;esdeveniment i a qui ja va visitar a finals del curs passat.<em><br \/>\n<\/em><\/p>\n<p><span style=\"color: #000000;\">Gregori Luri, de 61 anys, \u00e9s doctorat en filosofia i ha fet de mestre en gaireb\u00e9 totes les etapes educatives (prim\u00e0ria, batxillerat i universitat). A dia d&#8217;avui s&#8217;ha consolidat com un referent en el m\u00f3n educacional al pa\u00eds. \u00c9s autor, entre altres textos, del <em>Proc\u00e9s de S\u00f2crates (<a style=\"color: #000000;\" title=\"1998\" href=\"https:\/\/ca.wikipedia.org\/wiki\/1998\">1998<\/a>)<\/em>, de <em>Biografies d&#8217;un mite (2001)<\/em> i de la <em>Guia per a no entendre <a style=\"color: #000000;\" title=\"S\u00f2crates\" href=\"https:\/\/ca.wikipedia.org\/wiki\/S%C3%B2crates\">S\u00f2crates<\/a> (<a style=\"color: #000000;\" title=\"2004\" href=\"https:\/\/ca.wikipedia.org\/wiki\/2004\">2004<\/a>)<\/em>. Tamb\u00e9 ha escrit <em>L&#8217;escola contra el m\u00f3n (<a style=\"color: #000000;\" title=\"2008\" href=\"https:\/\/ca.wikipedia.org\/wiki\/2008\">2008<\/a>)<\/em>, on fa un rep\u00e0s als temes pol\u00e8mics de l&#8217;<a style=\"color: #000000;\" title=\"Educaci\u00f3\" href=\"https:\/\/ca.wikipedia.org\/wiki\/Educaci%C3%B3\">educaci\u00f3<\/a> des d&#8217;una \u00f2ptica cr\u00edtica i optimista, i ha publicat <em>Val m\u00e9s educar<\/em>, <em>Consells als pares sobre el sentit com\u00fa (2014)<\/em>, i <em>Seguint les passes dels almog\u00e0vers (2014)<\/em>. Actualment escriu habitualment columnes d&#8217;opini\u00f3 al diari ARA.<\/span><\/p>\n<p><img loading=\"lazy\" decoding=\"async\" class=\"alignnone size-full wp-image-9545\" src=\"http:\/\/santpedor.net\/radio\/wp-content\/uploads\/2017\/01\/Gregori-Luri.jpg\" alt=\"\" width=\"768\" height=\"1024\" srcset=\"https:\/\/santpedor.net\/radio\/wp-content\/uploads\/2017\/01\/Gregori-Luri.jpg 768w, https:\/\/santpedor.net\/radio\/wp-content\/uploads\/2017\/01\/Gregori-Luri-225x300.jpg 225w, https:\/\/santpedor.net\/radio\/wp-content\/uploads\/2017\/01\/Gregori-Luri-696x928.jpg 696w, https:\/\/santpedor.net\/radio\/wp-content\/uploads\/2017\/01\/Gregori-Luri-315x420.jpg 315w\" sizes=\"auto, (max-width: 768px) 100vw, 768px\" \/><\/p>\n","protected":false},"excerpt":{"rendered":"<p>El fil\u00f2sof Gregorio Luri Medrano vindr\u00e0 a Santpedor el proper 25 de gener per fer una xerrada sobre educaci\u00f3 a l&#8217;Auditori Convent de Sant Francesc. En concret, desenvolupar\u00e0 la seva idea que la tasca dels pares no s&#8217;ha de professionalitzar sin\u00f3 aplicar sentit com\u00fa. L&#8217;acte ser\u00e0 a les 20h i pr\u00e8viament es reunir\u00e0 amb el [&hellip;]<\/p>\n","protected":false},"author":6,"featured_media":9546,"comment_status":"open","ping_status":"closed","sticky":false,"template":"","format":"standard","meta":{"footnotes":""},"categories":[3,137],"tags":[209,701,147,113],"class_list":{"0":"post-9544","1":"post","2":"type-post","3":"status-publish","4":"format-standard","5":"has-post-thumbnail","7":"category-noticies","8":"category-societat","9":"tag-auditori-convent-de-sant-francesc","10":"tag-gregorio-luri","11":"tag-llissach","12":"tag-santpedor"},"_links":{"self":[{"href":"https:\/\/santpedor.net\/radio\/wp-json\/wp\/v2\/posts\/9544","targetHints":{"allow":["GET"]}}],"collection":[{"href":"https:\/\/santpedor.net\/radio\/wp-json\/wp\/v2\/posts"}],"about":[{"href":"https:\/\/santpedor.net\/radio\/wp-json\/wp\/v2\/types\/post"}],"author":[{"embeddable":true,"href":"https:\/\/santpedor.net\/radio\/wp-json\/wp\/v2\/users\/6"}],"replies":[{"embeddable":true,"href":"https:\/\/santpedor.net\/radio\/wp-json\/wp\/v2\/comments?post=9544"}],"version-history":[{"count":0,"href":"https:\/\/santpedor.net\/radio\/wp-json\/wp\/v2\/posts\/9544\/revisions"}],"wp:featuredmedia":[{"embeddable":true,"href":"https:\/\/santpedor.net\/radio\/wp-json\/wp\/v2\/media\/9546"}],"wp:attachment":[{"href":"https:\/\/santpedor.net\/radio\/wp-json\/wp\/v2\/media?parent=9544"}],"wp:term":[{"taxonomy":"category","embeddable":true,"href":"https:\/\/santpedor.net\/radio\/wp-json\/wp\/v2\/categories?post=9544"},{"taxonomy":"post_tag","embeddable":true,"href":"https:\/\/santpedor.net\/radio\/wp-json\/wp\/v2\/tags?post=9544"}],"curies":[{"name":"wp","href":"https:\/\/api.w.org\/{rel}","templated":true}]}}