{"id":9553,"date":"2017-01-13T03:53:10","date_gmt":"2017-01-13T02:53:10","guid":{"rendered":"http:\/\/santpedor.net\/radio\/?p=9553"},"modified":"2017-01-13T03:53:10","modified_gmt":"2017-01-13T02:53:10","slug":"santpedor-reclama-6-milions-deuros-iberpotash-salinitzacio-daigues-poble-2","status":"publish","type":"post","link":"https:\/\/santpedor.net\/radio\/santpedor-reclama-6-milions-deuros-iberpotash-salinitzacio-daigues-poble-2\/","title":{"rendered":"Santpedor reclama 6 milions d&#8217;euros a Iberpotash per la salinitzaci\u00f3 d&#8217;aig\u00fces del poble"},"content":{"rendered":"<p>L&#8217;ajuntament de Santpedor ja ha respost oficialment al Jutjat de Manresa n\u00famero 1, que va condemnar Iberpotash per la salinitzaci\u00f3 de les aig\u00fces del seu entorn i que havia requerit a Santpedor una avaluaci\u00f3 dels danys en el seu terme. Tal i com va explicar el regidor de Medi Ambient, Josep Illa, al ple municipal, despr\u00e9s del peritatge i l&#8217;avaluaci\u00f3 t\u00e8cnica feta per l&#8217;empresa Grup Solucions i els propis t\u00e8cnics de l&#8217;ajuntament, s&#8217;ha arribat a la conclusi\u00f3 que els danys s&#8217;han de valorar en m\u00e9s de 6 milions d&#8217;euros. Les principals afectacions, per exc\u00e9s de salinitzaci\u00f3, s&#8217;han produ\u00eft a la Font de les Escales, la mina d&#8217;aig\u00fces de Santpedor i el Riu d&#8217;Or.<\/p>\n<audio class=\"wp-audio-shortcode\" id=\"audio-9553-1\" preload=\"none\" style=\"width: 100%;\" controls=\"controls\"><source type=\"audio\/mpeg\" src=\"http:\/\/santpedor.net\/radio\/wp-content\/uploads\/2017\/01\/T-Josep-Illa-iberpotash-tall.mp3?_=1\" \/><a href=\"http:\/\/santpedor.net\/radio\/wp-content\/uploads\/2017\/01\/T-Josep-Illa-iberpotash-tall.mp3\">http:\/\/santpedor.net\/radio\/wp-content\/uploads\/2017\/01\/T-Josep-Illa-iberpotash-tall.mp3<\/a><\/audio>\n<p>&nbsp;<\/p>\n<p>En aquest sentit, el Grup Solucions valora en 1,33 milions d\u2019euros l\u2019afectaci\u00f3 a la Font de les Escales amb efectes de desembre, tot i puntualitzant que mentre continu\u00ef la salinitzaci\u00f3 caldr\u00e0 afegir anualment un import de 36 mil euros de perjudicis. A aquesta xifra cal sumar la determinada per la valoraci\u00f3 econ\u00f2mica dels Serveis T\u00e8cnics municipals sobre la incid\u00e8ncia de la salinitat al Riu d\u2019Or i que passa dels 4,87 milions d\u2019euros. Tamb\u00e9 en aquest cas, mentre no es realitzi la captaci\u00f3 i canalitzaci\u00f3 de la surg\u00e8ncia salina al Riu d\u2019Or, caldr\u00e0 afegir anualment un import de prop de 61 mil euros de perjudicis.A m\u00e9s, dues propietats privades, el Mas Llad\u00f3 i la font de Lluss\u00e0, han hagut de fer el mateix tr\u00e0mit i presentar la seva pr\u00f2pia valoraci\u00f3 de perjudicis.<\/p>\n<p>M\u00e9s enll\u00e0 d&#8217;aix\u00f2, Josep Illa va recordar que aquest dijous acabava el per\u00edode d&#8217;exposici\u00f3 p\u00fablica del Pla Director Urban\u00edstic de la Mineria del Bages en qu\u00e8 l&#8217;ajuntament de Santepdor ha presentat una petici\u00f3 perqu\u00e8 es deixi de salinitzar el Riu d&#8217;Or, aplicant reformes que interceptin la surg\u00e8ncia salina i la retornin al seu pou d&#8217;origen.<\/p>\n","protected":false},"excerpt":{"rendered":"<p>L&#8217;ajuntament de Santpedor ja ha respost oficialment al Jutjat de Manresa n\u00famero 1, que va condemnar Iberpotash per la salinitzaci\u00f3 de les aig\u00fces del seu entorn i que havia requerit a Santpedor una avaluaci\u00f3 dels danys en el seu terme. Tal i com va explicar el regidor de Medi Ambient, Josep Illa, al ple municipal, [&hellip;]<\/p>\n","protected":false},"author":6,"featured_media":9554,"comment_status":"open","ping_status":"closed","sticky":false,"template":"","format":"standard","meta":{"footnotes":""},"categories":[3,137],"tags":[203,229,113],"class_list":{"0":"post-9553","1":"post","2":"type-post","3":"status-publish","4":"format-standard","5":"has-post-thumbnail","7":"category-noticies","8":"category-societat","9":"tag-iberpotash","10":"tag-riu-dor","11":"tag-santpedor"},"_links":{"self":[{"href":"https:\/\/santpedor.net\/radio\/wp-json\/wp\/v2\/posts\/9553","targetHints":{"allow":["GET"]}}],"collection":[{"href":"https:\/\/santpedor.net\/radio\/wp-json\/wp\/v2\/posts"}],"about":[{"href":"https:\/\/santpedor.net\/radio\/wp-json\/wp\/v2\/types\/post"}],"author":[{"embeddable":true,"href":"https:\/\/santpedor.net\/radio\/wp-json\/wp\/v2\/users\/6"}],"replies":[{"embeddable":true,"href":"https:\/\/santpedor.net\/radio\/wp-json\/wp\/v2\/comments?post=9553"}],"version-history":[{"count":0,"href":"https:\/\/santpedor.net\/radio\/wp-json\/wp\/v2\/posts\/9553\/revisions"}],"wp:featuredmedia":[{"embeddable":true,"href":"https:\/\/santpedor.net\/radio\/wp-json\/wp\/v2\/media\/9554"}],"wp:attachment":[{"href":"https:\/\/santpedor.net\/radio\/wp-json\/wp\/v2\/media?parent=9553"}],"wp:term":[{"taxonomy":"category","embeddable":true,"href":"https:\/\/santpedor.net\/radio\/wp-json\/wp\/v2\/categories?post=9553"},{"taxonomy":"post_tag","embeddable":true,"href":"https:\/\/santpedor.net\/radio\/wp-json\/wp\/v2\/tags?post=9553"}],"curies":[{"name":"wp","href":"https:\/\/api.w.org\/{rel}","templated":true}]}}