{"id":9556,"date":"2017-01-13T16:30:33","date_gmt":"2017-01-13T15:30:33","guid":{"rendered":"http:\/\/santpedor.net\/radio\/?p=9556"},"modified":"2017-01-13T20:50:38","modified_gmt":"2017-01-13T19:50:38","slug":"santpedor-compra-pis-propi-habitatge-social","status":"publish","type":"post","link":"https:\/\/santpedor.net\/radio\/santpedor-compra-pis-propi-habitatge-social\/","title":{"rendered":"Santpedor compra el primer pis propi per habitatge social"},"content":{"rendered":"<p>L&#8217;Ajuntament de Santpedor ha signat aquesta setmana la comprar del primer habitatge que es destinar\u00e0 a usos socials. Un habitatge social propi de l&#8217;ajuntament que es suma als 17 que ja hi havia al poble, per\u00f2 que s\u00f3n propietat de la Generalitat de Catalunya.<\/p>\n<p>L&#8217;ajuntament va fer primer un lloguer amb opci\u00f3 a compra fins que, amb l&#8217;ajut d&#8217;una subvenci\u00f3 de la Diputaci\u00f3 que va arribar a finals de l&#8217;any passat, va poder comprar el pis per 40.000 euros, que ja s&#8217;ha adjudicat a una ve\u00efna del poble amb dos fills al seu c\u00e0rrec, i que es converteix aix\u00ed en la primera llogatera de l&#8217;ajuntament<\/p>\n<p>La regidora d\u2019Acci\u00f3 Social i Sanitat de l\u2019Ajuntament, Laura Tarradellas, recorda que la Generalitat \u00e9s qui t\u00e9 les compet\u00e8ncies en habitatge per\u00f2 destaca que els ajuntaments s\u00f3n els qui reben en primer terme, en la majoria d\u2019ocasions, les peticions dels ciutadans. &#8220;El nostre objectiu en un moment de precarietat del mercat laboral \u00e9s vetllar per l\u2019acc\u00e9s a l\u2019habitatge assequible de la gent de Santpedor, i al mateix temps, poder disposar d\u2019habitatges inclosos dins els programes d\u2019inclusi\u00f3 dels serveis socials, de manera que quan hem tingut una oportunitat hem acabat adquirint un pis\u201d, assegura.<\/p>\n<p>Les peticions per accedir als habitatges socials es fan sempre a l\u2019Ajuntament, que decideix a qui els adjudica en el cas del pis acabat de comprar, com ja feia amb dos altres pisos que tot i ser propietat de la Generalitat, hi tenia establert un conveni. En la resta de pisos socials -15-, tamb\u00e9 propietat de la Generalitat, \u00e9s la pr\u00f2pia Generalitat qui t\u00e9 l&#8217;\u00faltima paraula per decidir qui hi accedeix.<\/p>\n<p>Per altra banda, l&#8217;alcalde, Xavier Codina, destaca que tamb\u00e9 \u00e9s molt important atacar l&#8217;arrel del problema, l&#8217;atur, &#8220;perqu\u00e8 aix\u00ed no haur\u00e0s de fer tantes actuacions despr\u00e9s en l&#8217;\u00e0mbit dels serveis socials&#8221;. Motiu pel qual aquest any s&#8217;ha revitalitzat el servei local d&#8217;ocupaci\u00f3, on ja hi ha inscrites 150 persones.<\/p>\n<div class=\"youtube-embed\" data-video_id=\"jRI2cntyYlo\"><iframe loading=\"lazy\" title=\"Santpedor compra el primer pis propi per habitatge social - Ona Bages - R\u00e0dio Santpedor\" width=\"696\" height=\"392\" src=\"https:\/\/www.youtube.com\/embed\/jRI2cntyYlo?feature=oembed&#038;enablejsapi=1\" frameborder=\"0\" allow=\"accelerometer; autoplay; clipboard-write; encrypted-media; gyroscope; picture-in-picture; web-share\" referrerpolicy=\"strict-origin-when-cross-origin\" allowfullscreen><\/iframe><\/div>\n","protected":false},"excerpt":{"rendered":"<p>L&#8217;Ajuntament de Santpedor ha signat aquesta setmana la comprar del primer habitatge que es destinar\u00e0 a usos socials. Un habitatge social propi de l&#8217;ajuntament que es suma als 17 que ja hi havia al poble, per\u00f2 que s\u00f3n propietat de la Generalitat de Catalunya. L&#8217;ajuntament va fer primer un lloguer amb opci\u00f3 a compra fins [&hellip;]<\/p>\n","protected":false},"author":6,"featured_media":9557,"comment_status":"open","ping_status":"closed","sticky":false,"template":"","format":"standard","meta":{"footnotes":""},"categories":[3,137],"tags":[683,702,113],"class_list":{"0":"post-9556","1":"post","2":"type-post","3":"status-publish","4":"format-standard","5":"has-post-thumbnail","7":"category-noticies","8":"category-societat","9":"tag-accio-social","10":"tag-habitatge-social","11":"tag-santpedor"},"_links":{"self":[{"href":"https:\/\/santpedor.net\/radio\/wp-json\/wp\/v2\/posts\/9556","targetHints":{"allow":["GET"]}}],"collection":[{"href":"https:\/\/santpedor.net\/radio\/wp-json\/wp\/v2\/posts"}],"about":[{"href":"https:\/\/santpedor.net\/radio\/wp-json\/wp\/v2\/types\/post"}],"author":[{"embeddable":true,"href":"https:\/\/santpedor.net\/radio\/wp-json\/wp\/v2\/users\/6"}],"replies":[{"embeddable":true,"href":"https:\/\/santpedor.net\/radio\/wp-json\/wp\/v2\/comments?post=9556"}],"version-history":[{"count":0,"href":"https:\/\/santpedor.net\/radio\/wp-json\/wp\/v2\/posts\/9556\/revisions"}],"wp:featuredmedia":[{"embeddable":true,"href":"https:\/\/santpedor.net\/radio\/wp-json\/wp\/v2\/media\/9557"}],"wp:attachment":[{"href":"https:\/\/santpedor.net\/radio\/wp-json\/wp\/v2\/media?parent=9556"}],"wp:term":[{"taxonomy":"category","embeddable":true,"href":"https:\/\/santpedor.net\/radio\/wp-json\/wp\/v2\/categories?post=9556"},{"taxonomy":"post_tag","embeddable":true,"href":"https:\/\/santpedor.net\/radio\/wp-json\/wp\/v2\/tags?post=9556"}],"curies":[{"name":"wp","href":"https:\/\/api.w.org\/{rel}","templated":true}]}}