{"id":9560,"date":"2017-01-17T12:37:19","date_gmt":"2017-01-17T11:37:19","guid":{"rendered":"http:\/\/santpedor.net\/radio\/?p=9560"},"modified":"2017-01-17T12:37:19","modified_gmt":"2017-01-17T11:37:19","slug":"sajorna-xerrada-carles-capdevila","status":"publish","type":"post","link":"https:\/\/santpedor.net\/radio\/sajorna-xerrada-carles-capdevila\/","title":{"rendered":"S&#8217;ajorna la xerrada de Carles Capdevila"},"content":{"rendered":"<p>La confer\u00e8ncia sobre educaci\u00f3 de Carles Capdevila que hi havia prevista per aquest dimecres 18 de gener a les 19h s&#8217;ha ajornat. Els motius de l&#8217;abs\u00e8ncia s\u00f3n de caire personal. De moment es desconeix si Capdevila podr\u00e0 acabar venint a Santpedor i en quina data.<\/p>\n<p>El periodista i director-fundador del diari ARA, venia convidat per l&#8217;escola La Serreta, en el marc dels actes del seu 10\u00e8 aniversari.<\/p>\n","protected":false},"excerpt":{"rendered":"<p>La confer\u00e8ncia sobre educaci\u00f3 de Carles Capdevila que hi havia prevista per aquest dimecres 18 de gener a les 19h s&#8217;ha ajornat. Els motius de l&#8217;abs\u00e8ncia s\u00f3n de caire personal. De moment es desconeix si Capdevila podr\u00e0 acabar venint a Santpedor i en quina data. El periodista i director-fundador del diari ARA, venia convidat per [&hellip;]<\/p>\n","protected":false},"author":6,"featured_media":9561,"comment_status":"open","ping_status":"closed","sticky":false,"template":"","format":"standard","meta":{"footnotes":""},"categories":[3,137],"tags":[209,696,113],"class_list":{"0":"post-9560","1":"post","2":"type-post","3":"status-publish","4":"format-standard","5":"has-post-thumbnail","7":"category-noticies","8":"category-societat","9":"tag-auditori-convent-de-sant-francesc","10":"tag-carles-capdevila","11":"tag-santpedor"},"_links":{"self":[{"href":"https:\/\/santpedor.net\/radio\/wp-json\/wp\/v2\/posts\/9560","targetHints":{"allow":["GET"]}}],"collection":[{"href":"https:\/\/santpedor.net\/radio\/wp-json\/wp\/v2\/posts"}],"about":[{"href":"https:\/\/santpedor.net\/radio\/wp-json\/wp\/v2\/types\/post"}],"author":[{"embeddable":true,"href":"https:\/\/santpedor.net\/radio\/wp-json\/wp\/v2\/users\/6"}],"replies":[{"embeddable":true,"href":"https:\/\/santpedor.net\/radio\/wp-json\/wp\/v2\/comments?post=9560"}],"version-history":[{"count":0,"href":"https:\/\/santpedor.net\/radio\/wp-json\/wp\/v2\/posts\/9560\/revisions"}],"wp:featuredmedia":[{"embeddable":true,"href":"https:\/\/santpedor.net\/radio\/wp-json\/wp\/v2\/media\/9561"}],"wp:attachment":[{"href":"https:\/\/santpedor.net\/radio\/wp-json\/wp\/v2\/media?parent=9560"}],"wp:term":[{"taxonomy":"category","embeddable":true,"href":"https:\/\/santpedor.net\/radio\/wp-json\/wp\/v2\/categories?post=9560"},{"taxonomy":"post_tag","embeddable":true,"href":"https:\/\/santpedor.net\/radio\/wp-json\/wp\/v2\/tags?post=9560"}],"curies":[{"name":"wp","href":"https:\/\/api.w.org\/{rel}","templated":true}]}}