{"id":9563,"date":"2017-01-17T20:07:09","date_gmt":"2017-01-17T19:07:09","guid":{"rendered":"http:\/\/santpedor.net\/radio\/?p=9563"},"modified":"2017-01-17T20:07:22","modified_gmt":"2017-01-17T19:07:22","slug":"mes-500-ciclistes-participen-24a-edicio-hivernal-bages","status":"publish","type":"post","link":"https:\/\/santpedor.net\/radio\/mes-500-ciclistes-participen-24a-edicio-hivernal-bages\/","title":{"rendered":"M\u00e9s de 500 ciclistes participen de la 24a edici\u00f3 de la Hivernal del Bages"},"content":{"rendered":"<p>La Hivernal del Bages va aplegar de nou centenars de persones. Enguany era la 24ena edici\u00f3 i van ser fins a 535 persones les que es van apropar al Pavell\u00f3 el mat\u00ed de diumenge per pedalar en BTT pels dos recorreguts, de 52 i 38km respectivament, que havia dissenyat el Club Hivernal del Bages. Una cursa no competitiva, consolidada des de fa anys al calendari d&#8217;aquesta especialitat de bicicleta, que va estar acompanyada de bon temps i un bon esmorzar pels participants.<\/p>\n<p>No et perdis el v\u00eddeo-reportatge que va fer &#8216;in situ&#8217; Joan Griera:<\/p>\n<p><iframe loading=\"lazy\" src=\"https:\/\/www.youtube.com\/embed\/s6vdcHkS_L8?list=PLZ9gKKWEWV_dMT4c2cZkC-x21c557yIuh\" width=\"560\" height=\"315\" frameborder=\"0\" allowfullscreen=\"allowfullscreen\"><\/iframe><\/p>\n","protected":false},"excerpt":{"rendered":"<p>La Hivernal del Bages va aplegar de nou centenars de persones. Enguany era la 24ena edici\u00f3 i van ser fins a 535 persones les que es van apropar al Pavell\u00f3 el mat\u00ed de diumenge per pedalar en BTT pels dos recorreguts, de 52 i 38km respectivament, que havia dissenyat el Club Hivernal del Bages. Una [&hellip;]<\/p>\n","protected":false},"author":6,"featured_media":9564,"comment_status":"open","ping_status":"closed","sticky":false,"template":"","format":"standard","meta":{"footnotes":""},"categories":[225,3],"tags":[271,29,698,113],"class_list":{"0":"post-9563","1":"post","2":"type-post","3":"status-publish","4":"format-standard","5":"has-post-thumbnail","7":"category-esports","8":"category-noticies","9":"tag-btt","10":"tag-castellnou-de-bages","11":"tag-hivernal-del-bages","12":"tag-santpedor"},"_links":{"self":[{"href":"https:\/\/santpedor.net\/radio\/wp-json\/wp\/v2\/posts\/9563","targetHints":{"allow":["GET"]}}],"collection":[{"href":"https:\/\/santpedor.net\/radio\/wp-json\/wp\/v2\/posts"}],"about":[{"href":"https:\/\/santpedor.net\/radio\/wp-json\/wp\/v2\/types\/post"}],"author":[{"embeddable":true,"href":"https:\/\/santpedor.net\/radio\/wp-json\/wp\/v2\/users\/6"}],"replies":[{"embeddable":true,"href":"https:\/\/santpedor.net\/radio\/wp-json\/wp\/v2\/comments?post=9563"}],"version-history":[{"count":0,"href":"https:\/\/santpedor.net\/radio\/wp-json\/wp\/v2\/posts\/9563\/revisions"}],"wp:featuredmedia":[{"embeddable":true,"href":"https:\/\/santpedor.net\/radio\/wp-json\/wp\/v2\/media\/9564"}],"wp:attachment":[{"href":"https:\/\/santpedor.net\/radio\/wp-json\/wp\/v2\/media?parent=9563"}],"wp:term":[{"taxonomy":"category","embeddable":true,"href":"https:\/\/santpedor.net\/radio\/wp-json\/wp\/v2\/categories?post=9563"},{"taxonomy":"post_tag","embeddable":true,"href":"https:\/\/santpedor.net\/radio\/wp-json\/wp\/v2\/tags?post=9563"}],"curies":[{"name":"wp","href":"https:\/\/api.w.org\/{rel}","templated":true}]}}