{"id":9567,"date":"2017-01-19T12:34:16","date_gmt":"2017-01-19T11:34:16","guid":{"rendered":"http:\/\/santpedor.net\/radio\/?p=9567"},"modified":"2017-01-19T12:34:16","modified_gmt":"2017-01-19T11:34:16","slug":"cicle-testimoni-escenic-fara-homenatge-victor-catala-lauditori-convent","status":"publish","type":"post","link":"https:\/\/santpedor.net\/radio\/cicle-testimoni-escenic-fara-homenatge-victor-catala-lauditori-convent\/","title":{"rendered":"El cicle Testimoni esc\u00e8nic far\u00e0 un homenatge a V\u00edctor Catal\u00e0 a l&#8217;Auditori Convent"},"content":{"rendered":"<p>REDACCI\u00d3 | Aquest dissabte, l\u2019Auditori del Convent de Sant Francesc de Santpedor estrena a les 6 de la tarda un nou cicle de Testimoni Esc\u00e8nic, amb la posta en escena de les lectures dramatitzades de V\u00edctor Catal\u00e0 a c\u00e0rrec del Grup de Joves de les Lectures Dramatitzades de la Biblioteca V\u00edctor Catal\u00e0 de l\u2019Escala i sota la direcci\u00f3 d\u2019Anna Casas.<\/p>\n<p>Els joves porten a escena una producci\u00f3 amb el t\u00edtol \u201cV\u00edctor catal\u00e0, espurnes de llum\u201d. Tot just aquest any passat ha estat l\u2019aniversari dels 50 anys de la mort d\u2019aquesta autora que amb el pseud\u00f2nim de V\u00edctor Catal\u00e0 va ser un referent de la literatura catalana amb obres cabdals com Solitud. La proposta del Grup de Joves pret\u00e9n descobrir el personatge creat per Caterina Albert a partir de l\u2019incondicional moviment de les seves paraules, fruit de la relaci\u00f3 que va mantenir amb alguns dels personatges que els joves interpreten.<\/p>\n<p>En el repartiment hi ha Guille Casas al paper de mestre Lluis Albert; Aina Navarro que interpreta Nela, Caterina Albert\/V\u00edctor Catal\u00e0 de jove el posa a escena Aina Casadevall; Pablo Casas interpreta a Joan Maragall; V\u00edctor L\u00f3pez \u00e9s \u00c0ngel Guimer\u00e0, Roger Garrido interpreta a Baltasar Porcel i la directora Anna Casas es posa en el paper d\u2019una V\u00edctor Catal\u00e0 adulta.<\/p>\n<p>El preu de les lectures dramatitzades est\u00e0 pensat perqu\u00e8 sigui accessible per als joves estudiants i per aix\u00f2 \u00e9s de nom\u00e9s 4 euros fins als 18 anys i els majors de 18 anys paguen 8 euros. Fins a 3 anys \u00e9s gratu\u00eft.<\/p>\n","protected":false},"excerpt":{"rendered":"<p>REDACCI\u00d3 | Aquest dissabte, l\u2019Auditori del Convent de Sant Francesc de Santpedor estrena a les 6 de la tarda un nou cicle de Testimoni Esc\u00e8nic, amb la posta en escena de les lectures dramatitzades de V\u00edctor Catal\u00e0 a c\u00e0rrec del Grup de Joves de les Lectures Dramatitzades de la Biblioteca V\u00edctor Catal\u00e0 de l\u2019Escala i [&hellip;]<\/p>\n","protected":false},"author":2,"featured_media":9568,"comment_status":"open","ping_status":"closed","sticky":false,"template":"","format":"standard","meta":{"footnotes":""},"categories":[236,3],"tags":[209,704,113,703],"class_list":{"0":"post-9567","1":"post","2":"type-post","3":"status-publish","4":"format-standard","5":"has-post-thumbnail","7":"category-entitats-i-cultura","8":"category-noticies","9":"tag-auditori-convent-de-sant-francesc","10":"tag-cicle-testimoni-escenic","11":"tag-santpedor","12":"tag-victor-catala"},"_links":{"self":[{"href":"https:\/\/santpedor.net\/radio\/wp-json\/wp\/v2\/posts\/9567","targetHints":{"allow":["GET"]}}],"collection":[{"href":"https:\/\/santpedor.net\/radio\/wp-json\/wp\/v2\/posts"}],"about":[{"href":"https:\/\/santpedor.net\/radio\/wp-json\/wp\/v2\/types\/post"}],"author":[{"embeddable":true,"href":"https:\/\/santpedor.net\/radio\/wp-json\/wp\/v2\/users\/2"}],"replies":[{"embeddable":true,"href":"https:\/\/santpedor.net\/radio\/wp-json\/wp\/v2\/comments?post=9567"}],"version-history":[{"count":0,"href":"https:\/\/santpedor.net\/radio\/wp-json\/wp\/v2\/posts\/9567\/revisions"}],"wp:featuredmedia":[{"embeddable":true,"href":"https:\/\/santpedor.net\/radio\/wp-json\/wp\/v2\/media\/9568"}],"wp:attachment":[{"href":"https:\/\/santpedor.net\/radio\/wp-json\/wp\/v2\/media?parent=9567"}],"wp:term":[{"taxonomy":"category","embeddable":true,"href":"https:\/\/santpedor.net\/radio\/wp-json\/wp\/v2\/categories?post=9567"},{"taxonomy":"post_tag","embeddable":true,"href":"https:\/\/santpedor.net\/radio\/wp-json\/wp\/v2\/tags?post=9567"}],"curies":[{"name":"wp","href":"https:\/\/api.w.org\/{rel}","templated":true}]}}