{"id":9570,"date":"2017-01-20T17:13:06","date_gmt":"2017-01-20T16:13:06","guid":{"rendered":"http:\/\/santpedor.net\/radio\/?p=9570"},"modified":"2017-01-20T17:13:06","modified_gmt":"2017-01-20T16:13:06","slug":"gabriel-rufian-explicara-santpedor-proposta-derc-pel-nou","status":"publish","type":"post","link":"https:\/\/santpedor.net\/radio\/gabriel-rufian-explicara-santpedor-proposta-derc-pel-nou\/","title":{"rendered":"Gabriel Rufi\u00e1n explicar\u00e0 a Santpedor la proposta d&#8217;ERC pel nou estat"},"content":{"rendered":"<p>El portaveu d&#8217;Esquerra Republicana al Congr\u00e9s dels Diputats, Gabriel Rufi\u00e1n ser\u00e0 a Santpedor el proper 28 de gener a les 12h per fer una xerrada a l&#8217;Auditori Convent de Sant Francesc. La confer\u00e8ncia s&#8217;emmarca dins la campanya &#8216;La rep\u00fablica que farem&#8217;,un proc\u00e9s participatiu ideat per ERC per dissenyar, de manera col\u00b7lectiva, la nova Catalunya que es vol constru\u00efr.<\/p>\n<p>Al llarg dels propers mesos, est\u00e0 previst que experts en diferents \u00e0mbits i referents socials recorrin el pa\u00eds exposant <a href=\"http:\/\/www.larepublicaquefarem.cat\/\">la proposta d&#8217;Esquerra Republicana<\/a>.<\/p>\n<p>Gabriel Rufi\u00e1n, que es portaveu dels republicans a la Cambra Alta de l\u2019estat, ha agafat molta rellev\u00e0ncia medi\u00e0tica a tot l\u2019estat des de la seva entrada al Congr\u00e9s per les seves intervencions \u00e0cides i ir\u00f2niques en favor del proc\u00e9s sobiranista i cr\u00edtiques amb els partits hegem\u00f2nics de l\u2019estat.<\/p>\n<p><img loading=\"lazy\" decoding=\"async\" class=\"alignnone size-full wp-image-9572\" src=\"http:\/\/santpedor.net\/radio\/wp-content\/uploads\/2017\/01\/Gabriel-Rufi\u00e1n-a-Santpedor.jpg\" alt=\"\" width=\"1200\" height=\"630\" srcset=\"https:\/\/santpedor.net\/radio\/wp-content\/uploads\/2017\/01\/Gabriel-Rufi\u00e1n-a-Santpedor.jpg 1024w, https:\/\/santpedor.net\/radio\/wp-content\/uploads\/2017\/01\/Gabriel-Rufi\u00e1n-a-Santpedor-300x158.jpg 300w, https:\/\/santpedor.net\/radio\/wp-content\/uploads\/2017\/01\/Gabriel-Rufi\u00e1n-a-Santpedor-768x403.jpg 768w, https:\/\/santpedor.net\/radio\/wp-content\/uploads\/2017\/01\/Gabriel-Rufi\u00e1n-a-Santpedor-696x365.jpg 696w, https:\/\/santpedor.net\/radio\/wp-content\/uploads\/2017\/01\/Gabriel-Rufi\u00e1n-a-Santpedor-1068x561.jpg 1068w, https:\/\/santpedor.net\/radio\/wp-content\/uploads\/2017\/01\/Gabriel-Rufi\u00e1n-a-Santpedor-800x420.jpg 800w\" sizes=\"auto, (max-width: 1200px) 100vw, 1200px\" \/><\/p>\n","protected":false},"excerpt":{"rendered":"<p>El portaveu d&#8217;Esquerra Republicana al Congr\u00e9s dels Diputats, Gabriel Rufi\u00e1n ser\u00e0 a Santpedor el proper 28 de gener a les 12h per fer una xerrada a l&#8217;Auditori Convent de Sant Francesc. La confer\u00e8ncia s&#8217;emmarca dins la campanya &#8216;La rep\u00fablica que farem&#8217;,un proc\u00e9s participatiu ideat per ERC per dissenyar, de manera col\u00b7lectiva, la nova Catalunya que [&hellip;]<\/p>\n","protected":false},"author":6,"featured_media":9571,"comment_status":"open","ping_status":"closed","sticky":false,"template":"","format":"standard","meta":{"footnotes":""},"categories":[3,137],"tags":[209,292,21,295,113],"class_list":{"0":"post-9570","1":"post","2":"type-post","3":"status-publish","4":"format-standard","5":"has-post-thumbnail","7":"category-noticies","8":"category-societat","9":"tag-auditori-convent-de-sant-francesc","10":"tag-congres-dels-diputats","11":"tag-erc","12":"tag-gabriel-rufian","13":"tag-santpedor"},"_links":{"self":[{"href":"https:\/\/santpedor.net\/radio\/wp-json\/wp\/v2\/posts\/9570","targetHints":{"allow":["GET"]}}],"collection":[{"href":"https:\/\/santpedor.net\/radio\/wp-json\/wp\/v2\/posts"}],"about":[{"href":"https:\/\/santpedor.net\/radio\/wp-json\/wp\/v2\/types\/post"}],"author":[{"embeddable":true,"href":"https:\/\/santpedor.net\/radio\/wp-json\/wp\/v2\/users\/6"}],"replies":[{"embeddable":true,"href":"https:\/\/santpedor.net\/radio\/wp-json\/wp\/v2\/comments?post=9570"}],"version-history":[{"count":0,"href":"https:\/\/santpedor.net\/radio\/wp-json\/wp\/v2\/posts\/9570\/revisions"}],"wp:featuredmedia":[{"embeddable":true,"href":"https:\/\/santpedor.net\/radio\/wp-json\/wp\/v2\/media\/9571"}],"wp:attachment":[{"href":"https:\/\/santpedor.net\/radio\/wp-json\/wp\/v2\/media?parent=9570"}],"wp:term":[{"taxonomy":"category","embeddable":true,"href":"https:\/\/santpedor.net\/radio\/wp-json\/wp\/v2\/categories?post=9570"},{"taxonomy":"post_tag","embeddable":true,"href":"https:\/\/santpedor.net\/radio\/wp-json\/wp\/v2\/tags?post=9570"}],"curies":[{"name":"wp","href":"https:\/\/api.w.org\/{rel}","templated":true}]}}