{"id":9574,"date":"2017-01-23T19:29:17","date_gmt":"2017-01-23T18:29:17","guid":{"rendered":"http:\/\/santpedor.net\/radio\/?p=9574"},"modified":"2017-01-23T19:30:17","modified_gmt":"2017-01-23T18:30:17","slug":"ampans-instituts-bages-fomenten-inclusio-social-projecte-dos-rius","status":"publish","type":"post","link":"https:\/\/santpedor.net\/radio\/ampans-instituts-bages-fomenten-inclusio-social-projecte-dos-rius\/","title":{"rendered":"AMPANS i instituts del Bages fomenten la inclusi\u00f3 social amb el projecte &#8216;Dos Rius&#8217;"},"content":{"rendered":"<p>REDACCI\u00d3 | M\u00e9s de 150 joves dels instituts del Bages Sud i de la fundaci\u00f3 santpedorenca AMPANS ja han participat al projecte \u201cDos Rius\u201d des que va comen\u00e7ar el curs 2012-2013. El projecte, que s\u2019emmarca dins del Pla Educatiu d\u2019Entorn del Bages Sud, pret\u00e9n fomentar la inclusi\u00f3 social i el treball en xarxa a partir de l\u2019acostament entre els joves d\u2019institut i joves amb discapacitat intel\u00b7lectual.<\/p>\n<p>\u2018Dos Rius\u2019 vol facilitar un espai als joves per compartir experi\u00e8ncies i aprendre els uns dels altres mitjan\u00e7ant la preparaci\u00f3 i execuci\u00f3 conjunta d\u2019un itinerari de natura. El projecte aconsegueix transformar per complet la percepci\u00f3 que tenen els adolescents de la discapacitat i a la inversa, la percepci\u00f3 que dels adolescents, tenen els joves amb discapacitat.<\/p>\n<p>En la primera trobada d\u2019aquesta cinquena edici\u00f3, m\u00e9s de 40 joves participants del projecte s\u2019han trobat a AMPANS per participar en una activitat conjunta dinamitzada pels joves dels serveis di\u00fcrns d\u2019AMPANS. L\u2019activitat principal ha estat l\u2019itinerari fins al Parc de l\u2019Agulla (Manresa), on s\u2019hi han realitzat diferents jocs i fins i tot s\u2019ha fet un \u201cmannequin challenge\u201d, on ha quedat demostrat el gran equip que s\u00f3n.<\/p>\n<p>Els joves han fet volar els desitjos i prop\u00f2sits del projecte Dos Rius a trav\u00e9s d\u2019uns globus: \u201cviure\u201d, \u201ccompartir\u201d i \u201camistat\u201d s\u00f3n les paraules que s\u2019han enlairat amb m\u00e9s for\u00e7a. \u201cGr\u00e0cies a aquest projecte podem veure com les difer\u00e8ncies s\u00f3n justament all\u00f2 que ens fa iguals\u201d, assegurava un dels impulsors de Dos Rius.<\/p>\n<p>El projecte t\u00e9 previstes dues trobades m\u00e9s per aquest curs. La propera ser\u00e0 el mes de mar\u00e7 a Castellbell i el Vilar, on els alumnes dels instituts del Bages Sud seran els dinamitzadors, i l\u2019\u00faltima ser\u00e0 una sortida de conviv\u00e8ncia a Llan\u00e7\u00e0 prevista pel mes de juny.<\/p>\n","protected":false},"excerpt":{"rendered":"<p>REDACCI\u00d3 | M\u00e9s de 150 joves dels instituts del Bages Sud i de la fundaci\u00f3 santpedorenca AMPANS ja han participat al projecte \u201cDos Rius\u201d des que va comen\u00e7ar el curs 2012-2013. El projecte, que s\u2019emmarca dins del Pla Educatiu d\u2019Entorn del Bages Sud, pret\u00e9n fomentar la inclusi\u00f3 social i el treball en xarxa a partir [&hellip;]<\/p>\n","protected":false},"author":2,"featured_media":9575,"comment_status":"open","ping_status":"closed","sticky":false,"template":"","format":"standard","meta":{"footnotes":""},"categories":[3,137],"tags":[382,708,706,705,707,113],"class_list":{"0":"post-9574","1":"post","2":"type-post","3":"status-publish","4":"format-standard","5":"has-post-thumbnail","7":"category-noticies","8":"category-societat","9":"tag-ampans","10":"tag-discapacitat-intellectual","11":"tag-dos-rius","12":"tag-fedac","13":"tag-inclusio-social","14":"tag-santpedor"},"_links":{"self":[{"href":"https:\/\/santpedor.net\/radio\/wp-json\/wp\/v2\/posts\/9574","targetHints":{"allow":["GET"]}}],"collection":[{"href":"https:\/\/santpedor.net\/radio\/wp-json\/wp\/v2\/posts"}],"about":[{"href":"https:\/\/santpedor.net\/radio\/wp-json\/wp\/v2\/types\/post"}],"author":[{"embeddable":true,"href":"https:\/\/santpedor.net\/radio\/wp-json\/wp\/v2\/users\/2"}],"replies":[{"embeddable":true,"href":"https:\/\/santpedor.net\/radio\/wp-json\/wp\/v2\/comments?post=9574"}],"version-history":[{"count":0,"href":"https:\/\/santpedor.net\/radio\/wp-json\/wp\/v2\/posts\/9574\/revisions"}],"wp:featuredmedia":[{"embeddable":true,"href":"https:\/\/santpedor.net\/radio\/wp-json\/wp\/v2\/media\/9575"}],"wp:attachment":[{"href":"https:\/\/santpedor.net\/radio\/wp-json\/wp\/v2\/media?parent=9574"}],"wp:term":[{"taxonomy":"category","embeddable":true,"href":"https:\/\/santpedor.net\/radio\/wp-json\/wp\/v2\/categories?post=9574"},{"taxonomy":"post_tag","embeddable":true,"href":"https:\/\/santpedor.net\/radio\/wp-json\/wp\/v2\/tags?post=9574"}],"curies":[{"name":"wp","href":"https:\/\/api.w.org\/{rel}","templated":true}]}}