{"id":9592,"date":"2017-01-26T14:23:01","date_gmt":"2017-01-26T13:23:01","guid":{"rendered":"http:\/\/santpedor.net\/radio\/?p=9592"},"modified":"2017-01-26T14:25:41","modified_gmt":"2017-01-26T13:25:41","slug":"garatges-tractors-joguina-carrers-mal-escrits-peyu-destapar-nyaps-santpedor-lapm-tv3","status":"publish","type":"post","link":"https:\/\/santpedor.net\/radio\/garatges-tractors-joguina-carrers-mal-escrits-peyu-destapar-nyaps-santpedor-lapm-tv3\/","title":{"rendered":"Garatges per tractors de joguina, carrers mal escrits&#8230; el Peyu destapa nyaps de Santpedor a l&#8217;APM de TV3"},"content":{"rendered":"<p>Santpedor va ser protagonista aquest dimecres del programa APM de TV3. L&#8217;humorista Peyu, en la seva secci\u00f3 habitual &#8216;Ol\u00e9 t\u00fa&#8217;, va visitar el poble per mostrar en p\u00fablic i fer una mica de mofa d&#8217;alguns nyaps urban\u00edstics del municipi.<\/p>\n<p>La placa amb el nom del carrer Sant Francesc d&#8217;Ass\u00eds, que a Santpedor est\u00e0 mal escrita i hi posa &#8220;Sant FranCECS&#8221;, els colors de les fa\u00e7anes de les cases adossades de la ronda de Sant Pere, o l&#8217;al\u00e7ada del garatge d&#8217;un habitatge, que amb prou feines donava perqu\u00e8 el propi Peyu en sort\u00eds conduint un tractor de joguina; van ser alguns dels temes que el programa va tractar amb humor i s\u00e0tira.<\/p>\n<p>A m\u00e9s, el programa tamb\u00e9 va comptar amb la participaci\u00f3 de tres santpedorencs, el Josep Maria, l&#8217;Anita i la Rosa, amb qui el Peyu va fer una peculiar tert\u00falia i fins i tot es va animar a ballar.<\/p>\n<p>Mireu el v\u00eddeo complet aqu\u00ed:<\/p>\n<p><iframe loading=\"lazy\" src=\"http:\/\/www.ccma.cat\/video\/embed\/5645825\" width=\"500px\" height=\"281px\" frameborder=\"0\" scrolling=\"no\" allowfullscreen=\"allowfullscreen\"><\/iframe><\/p>\n","protected":false},"excerpt":{"rendered":"<p>Santpedor va ser protagonista aquest dimecres del programa APM de TV3. L&#8217;humorista Peyu, en la seva secci\u00f3 habitual &#8216;Ol\u00e9 t\u00fa&#8217;, va visitar el poble per mostrar en p\u00fablic i fer una mica de mofa d&#8217;alguns nyaps urban\u00edstics del municipi. La placa amb el nom del carrer Sant Francesc d&#8217;Ass\u00eds, que a Santpedor est\u00e0 mal escrita [&hellip;]<\/p>\n","protected":false},"author":6,"featured_media":9593,"comment_status":"open","ping_status":"closed","sticky":false,"template":"","format":"standard","meta":{"footnotes":""},"categories":[3,137],"tags":[699,720,149,410,700],"class_list":{"0":"post-9592","1":"post","2":"type-post","3":"status-publish","4":"format-standard","5":"has-post-thumbnail","7":"category-noticies","8":"category-societat","9":"tag-apm","10":"tag-ole-tu","11":"tag-peyu","12":"tag-santepdor","13":"tag-tv3"},"_links":{"self":[{"href":"https:\/\/santpedor.net\/radio\/wp-json\/wp\/v2\/posts\/9592","targetHints":{"allow":["GET"]}}],"collection":[{"href":"https:\/\/santpedor.net\/radio\/wp-json\/wp\/v2\/posts"}],"about":[{"href":"https:\/\/santpedor.net\/radio\/wp-json\/wp\/v2\/types\/post"}],"author":[{"embeddable":true,"href":"https:\/\/santpedor.net\/radio\/wp-json\/wp\/v2\/users\/6"}],"replies":[{"embeddable":true,"href":"https:\/\/santpedor.net\/radio\/wp-json\/wp\/v2\/comments?post=9592"}],"version-history":[{"count":0,"href":"https:\/\/santpedor.net\/radio\/wp-json\/wp\/v2\/posts\/9592\/revisions"}],"wp:featuredmedia":[{"embeddable":true,"href":"https:\/\/santpedor.net\/radio\/wp-json\/wp\/v2\/media\/9593"}],"wp:attachment":[{"href":"https:\/\/santpedor.net\/radio\/wp-json\/wp\/v2\/media?parent=9592"}],"wp:term":[{"taxonomy":"category","embeddable":true,"href":"https:\/\/santpedor.net\/radio\/wp-json\/wp\/v2\/categories?post=9592"},{"taxonomy":"post_tag","embeddable":true,"href":"https:\/\/santpedor.net\/radio\/wp-json\/wp\/v2\/tags?post=9592"}],"curies":[{"name":"wp","href":"https:\/\/api.w.org\/{rel}","templated":true}]}}