{"id":9608,"date":"2017-01-27T12:32:09","date_gmt":"2017-01-27T11:32:09","guid":{"rendered":"http:\/\/santpedor.net\/radio\/?p=9608"},"modified":"2017-01-27T13:55:33","modified_gmt":"2017-01-27T12:55:33","slug":"santpedor-celebra-diumenge-20e-cros-escolar","status":"publish","type":"post","link":"https:\/\/santpedor.net\/radio\/santpedor-celebra-diumenge-20e-cros-escolar\/","title":{"rendered":"Arriba el 20\u00e8 cros escolar a Santpedor"},"content":{"rendered":"<p>REDACCI\u00d3 |\u00a0Prop de 600 nens i nenes participaran diumenge al mat\u00ed a la 20a edici\u00f3 del cros escolar. La matinal, que se celebra a la zona de la Serreta, compta amb una vintena de categories, en les quals poden participar infants dels tres fins als quinze anys. A m\u00e9s del cros escolar, a Santpedor se celebren dues curses obertes a tothom, la 14a cursa Llampec i la cursa popular.<\/p>\n<p>La zona de la Serreta comen\u00e7a la seva transformaci\u00f3 el dia abans, dissabte. Les associacions de mares i pares dels centres amb l\u2019ajuda de professors, habiliten l\u2019espai per convertir-lo en una pista d\u2019atletisme. El diumenge ja est\u00e0 tot a punt per a comen\u00e7ar les proves a les 10 del mat\u00ed amb els corredors cadets i es tanca la competici\u00f3 escolar amb les curses dels m\u00e9s xics. Est\u00e0 previst que una mica abans de la una del migdia arrenqui la Cursa Llampec i, a la una, la Cursa popular.<\/p>\n<p>El lliurament dels premis comen\u00e7ar\u00e0 a un quart de dues amb l\u2019alcalde de Santpedor, Xavier Codina; la regidora d\u2019Esports, N\u00faria Barba, i el regidor d\u2019Educaci\u00f3 i Cultura, Agust\u00ed Comas, tamb\u00e9 president del Consell del Bages.<\/p>\n<p>El cros escolar Vila de Santpedor compta amb la col\u00b7laboraci\u00f3 dels centres educatius del municipi \u2013Escola Riu d\u2019Or, La Serreta, Escola Llissach, Institut d\u2019Auro- i de la Penya Blaugrana.<\/p>\n","protected":false},"excerpt":{"rendered":"<p>REDACCI\u00d3 |\u00a0Prop de 600 nens i nenes participaran diumenge al mat\u00ed a la 20a edici\u00f3 del cros escolar. La matinal, que se celebra a la zona de la Serreta, compta amb una vintena de categories, en les quals poden participar infants dels tres fins als quinze anys. A m\u00e9s del cros escolar, a Santpedor se [&hellip;]<\/p>\n","protected":false},"author":1,"featured_media":9610,"comment_status":"open","ping_status":"closed","sticky":false,"template":"","format":"standard","meta":{"footnotes":""},"categories":[225,3],"tags":[722,721,113],"class_list":{"0":"post-9608","1":"post","2":"type-post","3":"status-publish","4":"format-standard","5":"has-post-thumbnail","7":"category-esports","8":"category-noticies","9":"tag-ceb","10":"tag-cros","11":"tag-santpedor"},"_links":{"self":[{"href":"https:\/\/santpedor.net\/radio\/wp-json\/wp\/v2\/posts\/9608","targetHints":{"allow":["GET"]}}],"collection":[{"href":"https:\/\/santpedor.net\/radio\/wp-json\/wp\/v2\/posts"}],"about":[{"href":"https:\/\/santpedor.net\/radio\/wp-json\/wp\/v2\/types\/post"}],"author":[{"embeddable":true,"href":"https:\/\/santpedor.net\/radio\/wp-json\/wp\/v2\/users\/1"}],"replies":[{"embeddable":true,"href":"https:\/\/santpedor.net\/radio\/wp-json\/wp\/v2\/comments?post=9608"}],"version-history":[{"count":0,"href":"https:\/\/santpedor.net\/radio\/wp-json\/wp\/v2\/posts\/9608\/revisions"}],"wp:featuredmedia":[{"embeddable":true,"href":"https:\/\/santpedor.net\/radio\/wp-json\/wp\/v2\/media\/9610"}],"wp:attachment":[{"href":"https:\/\/santpedor.net\/radio\/wp-json\/wp\/v2\/media?parent=9608"}],"wp:term":[{"taxonomy":"category","embeddable":true,"href":"https:\/\/santpedor.net\/radio\/wp-json\/wp\/v2\/categories?post=9608"},{"taxonomy":"post_tag","embeddable":true,"href":"https:\/\/santpedor.net\/radio\/wp-json\/wp\/v2\/tags?post=9608"}],"curies":[{"name":"wp","href":"https:\/\/api.w.org\/{rel}","templated":true}]}}